{"id":226288,"date":"2018-07-13T11:20:23","date_gmt":"2018-07-13T09:20:23","guid":{"rendered":"http:\/\/www.radioluna.it\/news\/?p=226288"},"modified":"2018-07-14T10:26:13","modified_gmt":"2018-07-14T08:26:13","slug":"latina-si-prepara-alla-piu-lunga-eclissi-lunare-del-secolo","status":"publish","type":"post","link":"https:\/\/www.radioluna.it\/news\/2018\/07\/latina-si-prepara-alla-piu-lunga-eclissi-lunare-del-secolo\/","title":{"rendered":"Latina si prepara alla pi\u00f9 lunga eclissi lunare del secolo"},"content":{"rendered":"<div id=\"fb-root\"><\/div>\n<p style=\"text-align: justify;\"><strong><img loading=\"lazy\" decoding=\"async\" class=\"alignnone wp-image-226290 size-full\" src=\"http:\/\/www.radioluna.it\/news\/wp-content\/uploads\/2018\/07\/00_eclissi_di_luna_variazioni.jpg\" alt=\"\" width=\"829\" height=\"625\" srcset=\"https:\/\/www.radioluna.it\/news\/wp-content\/uploads\/2018\/07\/00_eclissi_di_luna_variazioni.jpg 829w, https:\/\/www.radioluna.it\/news\/wp-content\/uploads\/2018\/07\/00_eclissi_di_luna_variazioni-300x226.jpg 300w, https:\/\/www.radioluna.it\/news\/wp-content\/uploads\/2018\/07\/00_eclissi_di_luna_variazioni-768x579.jpg 768w, https:\/\/www.radioluna.it\/news\/wp-content\/uploads\/2018\/07\/00_eclissi_di_luna_variazioni-500x377.jpg 500w\" sizes=\"auto, (max-width: 829px) 100vw, 829px\" \/>LATINA<\/strong> &#8211;\u00a0Durer\u00e0 un\u2019ora e 43 minuti e sar\u00e0 l\u2019eclissi totale di Luna pi\u00f9 lunga fino al 2100 quella prevista tra il 27 e il 28 luglio 2018. Gli esperti giurano che lascer\u00e0 a bocca aperta quasi tutto il mondo. E anche Latina si prepara con una serata di osservazione promossa dall&#8217;Associazione Pontina di Astronomia: &#8220;La sera della Luna Rossa&#8221;.<\/p>\n<p style=\"text-align: justify;\">Un PicNic lunare sul prato dell&#8217;Azienda Agricola Ganci, un\u2019esperienza di osservazione astronomica condivisa, con telescopi, spiegazioni e filmati.\u00a0L\u2019orario di osservazione sar\u00e0 compreso fra le 20.24 italiane del 27 luglio e le 00.19 del 28 luglio. Baster\u00e0 portare un telo per stendersi sul prato e magari una felpa, ritirare il proprio cestino (che dovr\u00e0 essere stato prenotato entro il 25 luglio) e\u00a0seguire, in diretta, su un maxi-schermo, l\u2019eclissi totale di Luna ripresa a colori con un potente telescopio dell\u2019Associazione Pontina di Astronomia.<\/p>\n<p style=\"text-align: justify;\">&#8220;Contemporaneamente &#8211; spiegano gli organizzatori &#8211;\u00a0 una serie di telescopi saranno a disposizione di tutti i presenti per osservare, oltre alla Luna, anche i pianeti Marte, Saturno, Giove ed il pi\u00f9 brillante di tutti: Venere; le stelle pi\u00f9 belle e le costellazioni pi\u00f9 famose e interessanti. Eccone solo alcune: il Cigno, la Lira, l\u2019Aquila, le 2 Orse, il Leone, la Vergine, la Bilancia, lo Scorpione, l\u2019Ofiuco, il Sagittario, il Capricorno, l\u2019Acquario, Ercole, il Dragone, mentre gli astrofili aiuteranno i presenti a comprendere e apprezzare ogni momento dell\u2019eclissi sotto vari aspetti: scientifico, storico, mitologico, letterario, aneddotico, popolare, ecc. anche con presentazioni multimediali&#8221;.<\/p>\n<p>Per info di servizio: Azienda agricola Ganci<\/p>\n","protected":false},"excerpt":{"rendered":"<p>LATINA &#8211;\u00a0Durer\u00e0 un\u2019ora e 43 minuti e sar\u00e0 l\u2019eclissi totale di Luna pi\u00f9 lunga fino al 2100 quella prevista tra il 27 e il 28 luglio 2018. Gli esperti giurano che lascer\u00e0 a bocca aperta quasi tutto il mondo. E anche Latina si prepara con una serata di osservazione promossa dall&#8217;Associazione Pontina di Astronomia: &#8220;La [&hellip;]<\/p>\n","protected":false},"author":62,"featured_media":226289,"comment_status":"open","ping_status":"open","sticky":false,"template":"","format":"standard","meta":{"footnotes":""},"categories":[16],"tags":[],"class_list":["post-226288","post","type-post","status-publish","format-standard","has-post-thumbnail","hentry","category-appuntamenti"],"_links":{"self":[{"href":"https:\/\/www.radioluna.it\/news\/wp-json\/wp\/v2\/posts\/226288","targetHints":{"allow":["GET"]}}],"collection":[{"href":"https:\/\/www.radioluna.it\/news\/wp-json\/wp\/v2\/posts"}],"about":[{"href":"https:\/\/www.radioluna.it\/news\/wp-json\/wp\/v2\/types\/post"}],"author":[{"embeddable":true,"href":"https:\/\/www.radioluna.it\/news\/wp-json\/wp\/v2\/users\/62"}],"replies":[{"embeddable":true,"href":"https:\/\/www.radioluna.it\/news\/wp-json\/wp\/v2\/comments?post=226288"}],"version-history":[{"count":0,"href":"https:\/\/www.radioluna.it\/news\/wp-json\/wp\/v2\/posts\/226288\/revisions"}],"wp:featuredmedia":[{"embeddable":true,"href":"https:\/\/www.radioluna.it\/news\/wp-json\/wp\/v2\/media\/226289"}],"wp:attachment":[{"href":"https:\/\/www.radioluna.it\/news\/wp-json\/wp\/v2\/media?parent=226288"}],"wp:term":[{"taxonomy":"category","embeddable":true,"href":"https:\/\/www.radioluna.it\/news\/wp-json\/wp\/v2\/categories?post=226288"},{"taxonomy":"post_tag","embeddable":true,"href":"https:\/\/www.radioluna.it\/news\/wp-json\/wp\/v2\/tags?post=226288"}],"curies":[{"name":"wp","href":"https:\/\/api.w.org\/{rel}","templated":true}]}}