{"id":226340,"date":"2018-07-14T10:24:42","date_gmt":"2018-07-14T08:24:42","guid":{"rendered":"http:\/\/www.radioluna.it\/news\/?p=226340"},"modified":"2018-07-17T05:14:34","modified_gmt":"2018-07-17T03:14:34","slug":"roberto-derme-padre-darte-di-calcutta-quello-bravo-e-lui-mi-piace-la-sua-musica","status":"publish","type":"post","link":"https:\/\/www.radioluna.it\/news\/2018\/07\/roberto-derme-padre-darte-di-calcutta-quello-bravo-e-lui-mi-piace-la-sua-musica\/","title":{"rendered":"Roberto D&#8217;Erme padre d&#8217;arte di Calcutta: &#8220;Quello bravo \u00e8 lui, mi piace la sua musica&#8221;"},"content":{"rendered":"<div id=\"fb-root\"><\/div>\n<p style=\"text-align: justify;\"><strong><img loading=\"lazy\" decoding=\"async\" class=\"aligncenter wp-image-226343 \" src=\"http:\/\/www.radioluna.it\/news\/wp-content\/uploads\/2018\/07\/roberto.jpg\" alt=\"\" width=\"723\" height=\"723\" srcset=\"https:\/\/www.radioluna.it\/news\/wp-content\/uploads\/2018\/07\/roberto.jpg 683w, https:\/\/www.radioluna.it\/news\/wp-content\/uploads\/2018\/07\/roberto-150x150.jpg 150w, https:\/\/www.radioluna.it\/news\/wp-content\/uploads\/2018\/07\/roberto-300x300.jpg 300w, https:\/\/www.radioluna.it\/news\/wp-content\/uploads\/2018\/07\/roberto-500x500.jpg 500w, https:\/\/www.radioluna.it\/news\/wp-content\/uploads\/2018\/07\/roberto-80x80.jpg 80w\" sizes=\"auto, (max-width: 723px) 100vw, 723px\" \/>LATINA<\/strong> &#8211; &#8220;Non \u00e8 lui il figlio d&#8217;arte. Sono io padre d&#8217;arte&#8221;. Sorride, Roberto D&#8217;Erme parlando, volentieri e controvoglia allo stesso tempo, di suo figlio Calcutta, mentre si presenta Eppy in jazz,\u00a0 la manifestazione di musica itinerante che si svolger\u00e0 oggi (14 luglio) a Latina con tre concerti green, i cui protagonisti arriveranno a bordo dei mezzi del car sharing elettrico:\u00a0\u201cJazz a Piazza del Popolo\u201d\u00a0alle 19:00 con\u00a0Erasmo Bencivenga Trio\u00a0all\u2019Enoteca dell\u2019Orologio;\u00a0\u201cJazz da Bacco\u201d\u00a0con solista Aldo Bassi (dalle 22), da Bacco e Venere,\u00a0 e giusto al centro, alle \u00a020:30,\u00a0\u201cJazz al Quadrato\u201d,\u00a0con la voce di\u00a0Roberto D\u2019Erme\u00a0 in\u00a0<em>Quasi jazz\u00a0<\/em>al Cheers in Piazza del Quadrato.<\/p>\n<p style=\"text-align: justify;\">Gioco-forza, Roberto, il travolgente musicista di Latina che canta in un napoletano verace imparato da bambino orecchiando\u00a0 i migranti campani, oggi si ritrova genitore del pi\u00f9 famoso Calcutta e qualche volta\u00a0 &#8211; confessa &#8211; diventa anche difficile bere qualcosa al bar insieme con suo figlio, perch\u00e9 i fan sono ovunque. Fra qualche giorno, quella stessa orda di seguaci arriver\u00e0 in massa a Latina per il concerto del 21 luglio, orario insolito, e un po&#8217; sui generis, proprio come l&#8217;artista che salir\u00e0 sul palco: 18,30.<\/p>\n<p style=\"text-align: justify;\">&#8220;E&#8217; una buona opportunit\u00e0 per mostrare la nostra citt\u00e0, Latina citt\u00e0 aperta. Latina delle contaminazioni, dove le razze si sono mischiate bene e hanno prodotto bellezza &#8211; dice Roberto &#8211;\u00a0 Ragazzi arriveranno da ogni parte d&#8217;Italia, sono 16 mila circa quelli che hanno comprato i biglietti da fuori, \u00e8 una grande occasione per noi, per raccontare che citt\u00e0 siamo, anche se non abbiamo una storia millenaria abbiamo le nostre peculiarit\u00e0&#8221;.<\/p>\n<p style=\"text-align: justify;\">Le nonne di Calcutta quel giorno saranno sul balcone di casa, in centro citt\u00e0, a pochi metri dal Francioni per seguire il concerto del nipote senza dover stare nella calca, mentre tutt&#8217;intorno si diffonderanno le parole e la musica di <em>Cosa mi manchi a fare, Oroscopo, Orgasmo, Natalios<\/em>, che \u00e8 anche la preferita di pap\u00e0. &#8220;Edoardo ha sempre scritto bene, ammiro i suoi testi, e ora \u00e8 cresciuto anche musicalmente e dal punto di vista canoro. La sua musica mi piace, soprattutto le ballads&#8221;.<\/p>\n<p style=\"text-align: justify;\">Del resto, se la musica scorre nelle vene di Edoardo sar\u00e0 anche per Roberto, perch\u00e9 i geni passano di padre in figlio: &#8220;Non ho meriti, Edoardo si \u00e8 fatto completamente da solo, salvo qualche accordo alla chitarra e l&#8217;aver respirato in casa quest&#8217;aria &#8211; racconta\u00a0 &#8211; Diciamo che i meriti maggiori li ha la madre. Se \u00e8 cos\u00ec, \u00e8 di certo grazie a lei, che non ha perso la sua semplicit\u00e0 ed \u00e8 cos\u00ec distante dalle cose materiali&#8221;.<\/p>\n<p style=\"text-align: justify;\">Sarebbe bello sentirli cantare insieme a Latina, ma la scaletta non lo prevede: &#8220;Io canto e suono da sempre per diletto, l&#8217;artista vero \u00e8 lui &#8211; dice, mentre in mille radio passa Paracetamolo, l&#8217;ultimo pezzo con cui il cantante di Latina ha aumentato la sua popolarit\u00e0 e conquistato &#8211; suo malgrado &#8211; il palco degli stadi:\u00a050 mila persone hanno comprato i biglietti per ascoltarlo il 21 luglio al Francioni e il 6 agosto nel tempio della musica, l&#8217;Arena di Verona. La proverbiale timidezza di Calcutta sar\u00e0 il nemico da battere.<\/p>\n<p style=\"text-align: justify;\">\n","protected":false},"excerpt":{"rendered":"<p>LATINA &#8211; &#8220;Non \u00e8 lui il figlio d&#8217;arte. Sono io padre d&#8217;arte&#8221;. Sorride, Roberto D&#8217;Erme parlando, volentieri e controvoglia allo stesso tempo, di suo figlio Calcutta, mentre si presenta Eppy in jazz,\u00a0 la manifestazione di musica itinerante che si svolger\u00e0 oggi (14 luglio) a Latina con tre concerti green, i cui protagonisti arriveranno a bordo [&hellip;]<\/p>\n","protected":false},"author":62,"featured_media":224255,"comment_status":"open","ping_status":"open","sticky":false,"template":"","format":"standard","meta":{"footnotes":""},"categories":[735],"tags":[],"class_list":["post-226340","post","type-post","status-publish","format-standard","has-post-thumbnail","hentry","category-attualita"],"_links":{"self":[{"href":"https:\/\/www.radioluna.it\/news\/wp-json\/wp\/v2\/posts\/226340","targetHints":{"allow":["GET"]}}],"collection":[{"href":"https:\/\/www.radioluna.it\/news\/wp-json\/wp\/v2\/posts"}],"about":[{"href":"https:\/\/www.radioluna.it\/news\/wp-json\/wp\/v2\/types\/post"}],"author":[{"embeddable":true,"href":"https:\/\/www.radioluna.it\/news\/wp-json\/wp\/v2\/users\/62"}],"replies":[{"embeddable":true,"href":"https:\/\/www.radioluna.it\/news\/wp-json\/wp\/v2\/comments?post=226340"}],"version-history":[{"count":0,"href":"https:\/\/www.radioluna.it\/news\/wp-json\/wp\/v2\/posts\/226340\/revisions"}],"wp:featuredmedia":[{"embeddable":true,"href":"https:\/\/www.radioluna.it\/news\/wp-json\/wp\/v2\/media\/224255"}],"wp:attachment":[{"href":"https:\/\/www.radioluna.it\/news\/wp-json\/wp\/v2\/media?parent=226340"}],"wp:term":[{"taxonomy":"category","embeddable":true,"href":"https:\/\/www.radioluna.it\/news\/wp-json\/wp\/v2\/categories?post=226340"},{"taxonomy":"post_tag","embeddable":true,"href":"https:\/\/www.radioluna.it\/news\/wp-json\/wp\/v2\/tags?post=226340"}],"curies":[{"name":"wp","href":"https:\/\/api.w.org\/{rel}","templated":true}]}}