{"id":226612,"date":"2018-07-25T10:49:15","date_gmt":"2018-07-25T08:49:15","guid":{"rendered":"http:\/\/www.radioluna.it\/news\/?p=226612"},"modified":"2018-07-26T10:00:22","modified_gmt":"2018-07-26T08:00:22","slug":"disinfestazione-finestre-chiuse-a-latina-il-26-e-27-luglio","status":"publish","type":"post","link":"https:\/\/www.radioluna.it\/news\/2018\/07\/disinfestazione-finestre-chiuse-a-latina-il-26-e-27-luglio\/","title":{"rendered":"Disinfestazione: finestre chiuse a Latina il 26 e 27 luglio"},"content":{"rendered":"<div id=\"fb-root\"><\/div>\n<p style=\"text-align: justify;\">LATINA &#8211; Verranno eseguiti nelle notti di gioved\u00ec 26 e venerd\u00ec 27 luglio, su tutto il territorio comunale di Latina, gli interventi di disinfestazione adulticida contro le zanzare. Le operazioni si svolgeranno dalle 23.00 alle ore 4.00 e interesseranno: nella notte del 26 luglio tutto il territorio urbano, compreso i quartieri Q4 e Q5 e la zona della marina; nella notte del 27 luglio i Borghi.<\/p>\n<p style=\"text-align: justify;\">Nel corso del trattamento, ai fini della sicurezza delle operazioni, si raccomanda alla cittadinanza di: non esporre all\u2019esterno delle proprie abitazioni alimenti n\u00e9 indumenti;\u00a0tenere chiuse le finestre;\u00a0svuotare i sottovasi delle piante;\u00a0proteggere gli animali tenendoli in casa.<\/p>\n<p style=\"text-align: justify;\">La societ\u00e0 Sogea cui \u00e8 affidato il servizio di disinfestazione, disinfezione e derattizzazione in citt\u00e0 si occuper\u00e0 anche dell\u2019affissione di manifesti per informare la popolazione degli interventi previsti e degli accorgimenti da usare. Il trattamento sar\u00e0 ripetuto a fine stagione estiva, nel mese di settembre.<\/p>\n","protected":false},"excerpt":{"rendered":"<p>LATINA &#8211; Verranno eseguiti nelle notti di gioved\u00ec 26 e venerd\u00ec 27 luglio, su tutto il territorio comunale di Latina, gli interventi di disinfestazione adulticida contro le zanzare. Le operazioni si svolgeranno dalle 23.00 alle ore 4.00 e interesseranno: nella notte del 26 luglio tutto il territorio urbano, compreso i quartieri Q4 e Q5 e [&hellip;]<\/p>\n","protected":false},"author":60,"featured_media":197788,"comment_status":"open","ping_status":"open","sticky":false,"template":"","format":"standard","meta":{"footnotes":""},"categories":[735],"tags":[],"class_list":["post-226612","post","type-post","status-publish","format-standard","has-post-thumbnail","hentry","category-attualita"],"_links":{"self":[{"href":"https:\/\/www.radioluna.it\/news\/wp-json\/wp\/v2\/posts\/226612","targetHints":{"allow":["GET"]}}],"collection":[{"href":"https:\/\/www.radioluna.it\/news\/wp-json\/wp\/v2\/posts"}],"about":[{"href":"https:\/\/www.radioluna.it\/news\/wp-json\/wp\/v2\/types\/post"}],"author":[{"embeddable":true,"href":"https:\/\/www.radioluna.it\/news\/wp-json\/wp\/v2\/users\/60"}],"replies":[{"embeddable":true,"href":"https:\/\/www.radioluna.it\/news\/wp-json\/wp\/v2\/comments?post=226612"}],"version-history":[{"count":0,"href":"https:\/\/www.radioluna.it\/news\/wp-json\/wp\/v2\/posts\/226612\/revisions"}],"wp:featuredmedia":[{"embeddable":true,"href":"https:\/\/www.radioluna.it\/news\/wp-json\/wp\/v2\/media\/197788"}],"wp:attachment":[{"href":"https:\/\/www.radioluna.it\/news\/wp-json\/wp\/v2\/media?parent=226612"}],"wp:term":[{"taxonomy":"category","embeddable":true,"href":"https:\/\/www.radioluna.it\/news\/wp-json\/wp\/v2\/categories?post=226612"},{"taxonomy":"post_tag","embeddable":true,"href":"https:\/\/www.radioluna.it\/news\/wp-json\/wp\/v2\/tags?post=226612"}],"curies":[{"name":"wp","href":"https:\/\/api.w.org\/{rel}","templated":true}]}}