{"id":226638,"date":"2018-07-19T13:20:11","date_gmt":"2018-07-19T11:20:11","guid":{"rendered":"http:\/\/www.radioluna.it\/news\/?p=226638"},"modified":"2018-07-19T13:20:11","modified_gmt":"2018-07-19T11:20:11","slug":"la-meglio-gioventu-a-sermoneta-diretta-da-daniele-agiman","status":"publish","type":"post","link":"https:\/\/www.radioluna.it\/news\/2018\/07\/la-meglio-gioventu-a-sermoneta-diretta-da-daniele-agiman\/","title":{"rendered":"La meglio giovent\u00f9 a Sermoneta diretta da Daniele Agiman"},"content":{"rendered":"<div id=\"fb-root\"><\/div>\n<p style=\"text-align: justify;\"><strong>SERMONETA<\/strong>\u00a0&#8211; Dopo il successo delle ultime due edizioni, anche quest\u2019anno il\u00a0 Parco di Pantanello che fa parte del Monumento Naturale Oasi di Ninfa, accoglier\u00e0 due concerti del Festival Pontino di Musica grazie all\u2019apertura straordinaria notturna consentita dalla Fondazione Caetani (e accompagnata dall&#8217;apertura del Giardino di Ninfa con ingresso dalle 19 alle 19.30 prenotazioni su www.giardinodininfa.eu).<\/p>\n<p style=\"text-align: justify;\">Il primo concerto \u00e8 venerd\u00ec 20 luglio (ore 21) vedr\u00e0 suonare nel Viale dei Carpini il grande violoncellista Giovanni Gnocchi, che insieme alla Big Band formata dall&#8217;orchestra del Liceo Farnesina di Roma diretta dal maestro Daniele Agiman\u00a0 tra i direttori d\u2019orchestra italiani pi\u00f9 attivi a livello internazionale, ospite regolare delle pi\u00f9 prestigiose istituzioni in Europa ed Estremo Oriente, con una particolare attenzione in campo operistico.<\/p>\n<p>Ne abbiamo parlato a Buongiorno Festival con il Maestro Agiman<\/p>\n<audio class=\"wp-audio-shortcode\" id=\"audio-226638-1\" preload=\"none\" style=\"width: 100%;\" controls=\"controls\"><source type=\"audio\/mpeg\" src=\"http:\/\/www.radioluna.it\/news\/wp-content\/uploads\/2018\/07\/buongiorno-festival-per-sito-12.mp3?_=1\" \/><a href=\"http:\/\/www.radioluna.it\/news\/wp-content\/uploads\/2018\/07\/buongiorno-festival-per-sito-12.mp3\">http:\/\/www.radioluna.it\/news\/wp-content\/uploads\/2018\/07\/buongiorno-festival-per-sito-12.mp3<\/a><\/audio>\n<p>(nella foto pranzo degli studenti al Castello Caetani. In primo piano la presidente del Campus Elisa Cerocchi e\u00a0 il direttore d&#8217;orchestra Daniele Agiman)<\/p>\n","protected":false},"excerpt":{"rendered":"<p>SERMONETA\u00a0&#8211; Dopo il successo delle ultime due edizioni, anche quest\u2019anno il\u00a0 Parco di Pantanello che fa parte del Monumento Naturale Oasi di Ninfa, accoglier\u00e0 due concerti del Festival Pontino di Musica grazie all\u2019apertura straordinaria notturna consentita dalla Fondazione Caetani (e accompagnata dall&#8217;apertura del Giardino di Ninfa con ingresso dalle 19 alle 19.30 prenotazioni su www.giardinodininfa.eu). [&hellip;]<\/p>\n","protected":false},"author":62,"featured_media":226644,"comment_status":"open","ping_status":"open","sticky":false,"template":"","format":"standard","meta":{"footnotes":""},"categories":[2310,2447],"tags":[],"class_list":["post-226638","post","type-post","status-publish","format-standard","has-post-thumbnail","hentry","category-audio","category-festival"],"_links":{"self":[{"href":"https:\/\/www.radioluna.it\/news\/wp-json\/wp\/v2\/posts\/226638","targetHints":{"allow":["GET"]}}],"collection":[{"href":"https:\/\/www.radioluna.it\/news\/wp-json\/wp\/v2\/posts"}],"about":[{"href":"https:\/\/www.radioluna.it\/news\/wp-json\/wp\/v2\/types\/post"}],"author":[{"embeddable":true,"href":"https:\/\/www.radioluna.it\/news\/wp-json\/wp\/v2\/users\/62"}],"replies":[{"embeddable":true,"href":"https:\/\/www.radioluna.it\/news\/wp-json\/wp\/v2\/comments?post=226638"}],"version-history":[{"count":0,"href":"https:\/\/www.radioluna.it\/news\/wp-json\/wp\/v2\/posts\/226638\/revisions"}],"wp:featuredmedia":[{"embeddable":true,"href":"https:\/\/www.radioluna.it\/news\/wp-json\/wp\/v2\/media\/226644"}],"wp:attachment":[{"href":"https:\/\/www.radioluna.it\/news\/wp-json\/wp\/v2\/media?parent=226638"}],"wp:term":[{"taxonomy":"category","embeddable":true,"href":"https:\/\/www.radioluna.it\/news\/wp-json\/wp\/v2\/categories?post=226638"},{"taxonomy":"post_tag","embeddable":true,"href":"https:\/\/www.radioluna.it\/news\/wp-json\/wp\/v2\/tags?post=226638"}],"curies":[{"name":"wp","href":"https:\/\/api.w.org\/{rel}","templated":true}]}}