{"id":226805,"date":"2018-07-21T09:31:39","date_gmt":"2018-07-21T07:31:39","guid":{"rendered":"https:\/\/www.radioluna.it\/news\/?p=226805"},"modified":"2018-07-21T09:31:39","modified_gmt":"2018-07-21T07:31:39","slug":"assessori-regionali-in-camere-di-commercio-a-latina-per-parlare-di-economia","status":"publish","type":"post","link":"https:\/\/www.radioluna.it\/news\/2018\/07\/assessori-regionali-in-camere-di-commercio-a-latina-per-parlare-di-economia\/","title":{"rendered":"Assessori regionali in camere di commercio a Latina per parlare di economia"},"content":{"rendered":"<div id=\"fb-root\"><\/div>\n<p style=\"text-align: justify;\"><strong>LATINA &#8211;<\/strong> Gli assessori regionali allo Sviluppo Economico, Gian Paolo Manzella, e al Lavoro e Nuovi Diritti, Claudio Di Berardino, hanno incontrato alla Camera di Commercio di Latina i rappresentanti territoriali delle associazioni di categoria.\u00a0\u201cUn incontro molto interessante con gli attori economici del territorio pontino dove abbiamo illustrato le linee della nostra attivit\u00e0 e ascoltato spunti ed esigenze. Nessuna formalit\u00e0. Semplicemente perch\u00e9 senza conoscere davvero la realt\u00e0 nella quale si vuole intervenire e senza condividere le idee, nessun successo \u00e8 possibile. Questa la logica, molto semplice, alla base della serie di incontri che abbiamo fatto con l\u2019assessore Claudio Di Berardino in tutte le Camere di Commercio del Lazio. E l\u2019applicazione di questo metodo porter\u00e0 a iniziative concrete\u201d, ha detto l\u2019assessore Gian Paolo Manzella. \u201cUn confronto che ci ha permesso di mettere a fuoco questioni cruciali come l&#8217;ammodernamento delle aree industriali, il sostegno all&#8217;economia del mare, la promozione di innovazione in piccole e medie imprese \u2013 ha aggiunto \u2013 e che ci stimola ad azioni e iniziative sempre pi\u00f9 attente alle esigenze del territorio e delle parti sociali. \u00c8 emersa inoltre dalla discussione l\u2019attenzione alla questione della legalit\u00e0 nella vita economica: su questo massima attenzione anche da parte della Regione e piena disponibilit\u00e0 a ogni tipo di iniziativa insieme alle forze produttive del territorio\u201d, ha concluso Manzella.<\/p>\n<p style=\"text-align: justify;\">&#8220;Sono state molte le tematiche che le associazioni del territorio hanno segnalato\u201d, ha detto l\u2019assessore Claudio Di Berardino. \u201cIn particolare, sul tema delle crisi aziendali e della reindustrializzazione \u2013 ha aggiunto \u2013 gli strumenti che la Regione mette a disposizione sono diversi, a partire dal nuovo ruolo dei centri per l\u2019impiego, che anche in assenza di una normativa nazionale, dovranno sempre pi\u00f9 puntare all\u2019incrocio tra domanda e offerta. Inoltre, per salvaguardare l\u2019occupazione e il tessuto produttivo, intendiamo promuovere una nuova fase delle politiche attive del lavoro e una diversa gestione delle crisi aziendali puntando sulla prevenzione.\u201d<\/p>\n<p style=\"text-align: justify;\">\n<p>&nbsp;<\/p>\n<div class=\"radio-posizionamento-telefono-in-articoli-dopo-il-contenuto-articolo radio-entity-placement\" id=\"radio-499085934\"><div id=\"radio-1840700490\"><a href=\"https:\/\/grupporedi.it\/\" aria-label=\"Redi-Qr\"><img loading=\"lazy\" decoding=\"async\" src=\"https:\/\/www.radioluna.it\/news\/wp-content\/uploads\/2026\/03\/Redi-Qr.jpg\" alt=\"\"  srcset=\"https:\/\/www.radioluna.it\/news\/wp-content\/uploads\/2026\/03\/Redi-Qr.jpg 800w, https:\/\/www.radioluna.it\/news\/wp-content\/uploads\/2026\/03\/Redi-Qr-768x639.jpg 768w\" sizes=\"(max-width: 800px) 100vw, 800px\" width=\"300\" height=\"250\"   \/><\/a><\/div><\/div>","protected":false},"excerpt":{"rendered":"<p>LATINA &#8211; Gli assessori regionali allo Sviluppo Economico, Gian Paolo Manzella, e al Lavoro e Nuovi Diritti, Claudio Di Berardino, hanno incontrato alla Camera di Commercio di Latina i rappresentanti territoriali delle associazioni di categoria.\u00a0\u201cUn incontro molto interessante con gli attori economici del territorio pontino dove abbiamo illustrato le linee della nostra attivit\u00e0 e ascoltato [&hellip;]<\/p>\n","protected":false},"author":60,"featured_media":65204,"comment_status":"open","ping_status":"open","sticky":false,"template":"","format":"standard","meta":{"footnotes":""},"categories":[11],"tags":[],"class_list":["post-226805","post","type-post","status-publish","format-standard","has-post-thumbnail","hentry","category-economia"],"_links":{"self":[{"href":"https:\/\/www.radioluna.it\/news\/wp-json\/wp\/v2\/posts\/226805","targetHints":{"allow":["GET"]}}],"collection":[{"href":"https:\/\/www.radioluna.it\/news\/wp-json\/wp\/v2\/posts"}],"about":[{"href":"https:\/\/www.radioluna.it\/news\/wp-json\/wp\/v2\/types\/post"}],"author":[{"embeddable":true,"href":"https:\/\/www.radioluna.it\/news\/wp-json\/wp\/v2\/users\/60"}],"replies":[{"embeddable":true,"href":"https:\/\/www.radioluna.it\/news\/wp-json\/wp\/v2\/comments?post=226805"}],"version-history":[{"count":0,"href":"https:\/\/www.radioluna.it\/news\/wp-json\/wp\/v2\/posts\/226805\/revisions"}],"wp:featuredmedia":[{"embeddable":true,"href":"https:\/\/www.radioluna.it\/news\/wp-json\/wp\/v2\/media\/65204"}],"wp:attachment":[{"href":"https:\/\/www.radioluna.it\/news\/wp-json\/wp\/v2\/media?parent=226805"}],"wp:term":[{"taxonomy":"category","embeddable":true,"href":"https:\/\/www.radioluna.it\/news\/wp-json\/wp\/v2\/categories?post=226805"},{"taxonomy":"post_tag","embeddable":true,"href":"https:\/\/www.radioluna.it\/news\/wp-json\/wp\/v2\/tags?post=226805"}],"curies":[{"name":"wp","href":"https:\/\/api.w.org\/{rel}","templated":true}]}}