{"id":226907,"date":"2018-07-23T11:31:08","date_gmt":"2018-07-23T09:31:08","guid":{"rendered":"https:\/\/www.radioluna.it\/news\/?p=226907"},"modified":"2018-07-24T09:27:30","modified_gmt":"2018-07-24T07:27:30","slug":"notte-bianca-di-calcutta-caro-edo-questo-evento-e-gia-storia","status":"publish","type":"post","link":"https:\/\/www.radioluna.it\/news\/2018\/07\/notte-bianca-di-calcutta-caro-edo-questo-evento-e-gia-storia\/","title":{"rendered":"Notte bianca di Calcutta: &#8220;Caro Edo, questo evento \u00e8 gi\u00e0 storia&#8221;"},"content":{"rendered":"<div id=\"fb-root\"><\/div>\n<p style=\"text-align: justify;\"><strong>LATINA<\/strong> &#8211; La Notte Bianca di Calcutta ha fatto il miracolo. Non sappiamo se il bravo Edoardo ne sia consapevole, ma il suo concerto non \u00e8 stato solo un evento guardato da tutta Italia; una prova generale e ben riuscita di sbarco negli stadi per un giovane cantautore di Latina che non ama le categorie, ma che pi\u00f9 &#8220;indie&#8221; di cos\u00ec si muore. Non \u00e8 stata solo gioia pura per 15mila ragazzi che volevano omaggiare quel suo modo di parlare e di stare al mondo. E&#8217; stata anche una prova di dialogo tra Amministrazione e commercianti dopo mesi di grande gelo sulla ztl.<\/p>\n<p style=\"text-align: justify;\">Lo dimostra la nota della Confesercenti Latina arrivata questa mattina: &#8220;Confesercenti ci tiene a ringraziare l\u2019Amministrazione Comunale, i commercianti, e tutta la gente che ha invaso il Centro di Latina per la NOTTE BIANCA, animando le strade e movimentando i flussi economici della citt\u00e0. Un plauso a Calcutta che ci ha resi orgogliosi del suo enorme talento. L\u2019Associazione auspica ad una continua collaborazione con l\u2019Amministrazione e con la citt\u00e0, cos\u00ec da rilanciare Latina, che si era assopita negli ultimi anni&#8221;, firma la presidente Susanna Gloria. La parola ora \u00e8: collaborazione.<\/p>\n<p style=\"text-align: justify;\">Bella Calcutta, viene da dire! Hai scritto sui social: &#8220;Grazie per ieri. Mi sa che non lo dimenticher\u00f2 mai&#8221;. E anche Latina mi sa che non lo dimenticher\u00e0, ora sei un po&#8217; come gli Alpini, legato per sempre ad un evento che rimarr\u00e0 nella storia. Speriamo anche in quella delle relazioni umane, che poi fanno la differenza.<\/p>\n<p style=\"text-align: justify;\">E chiss\u00e0 se anche Tiziano Ferro vorr\u00e0 fare alla sua citt\u00e0 lo stesso regalo. La prima era stato pubblicato Rosso Relativo, l&#8217;ultima,\u00a0 il\u00a0\u00a020 luglio 2007 era il\u00a0<em> Nessuno \u00e8 solo tour<\/em>. Undici anni, ne \u00e8 passato di tempo.<\/p>\n<p>&nbsp;<\/p>\n<div class=\"radio-posizionamento-telefono-in-articoli-dopo-il-contenuto-articolo radio-entity-placement\" id=\"radio-2994075381\"><div id=\"radio-971710831\"><a href=\"https:\/\/grupporedi.it\/\" aria-label=\"Redi-Qr\"><img loading=\"lazy\" decoding=\"async\" src=\"https:\/\/www.radioluna.it\/news\/wp-content\/uploads\/2026\/03\/Redi-Qr.jpg\" alt=\"\"  srcset=\"https:\/\/www.radioluna.it\/news\/wp-content\/uploads\/2026\/03\/Redi-Qr.jpg 800w, https:\/\/www.radioluna.it\/news\/wp-content\/uploads\/2026\/03\/Redi-Qr-768x639.jpg 768w\" sizes=\"(max-width: 800px) 100vw, 800px\" width=\"300\" height=\"250\"   \/><\/a><\/div><\/div>","protected":false},"excerpt":{"rendered":"<p>LATINA &#8211; La Notte Bianca di Calcutta ha fatto il miracolo. Non sappiamo se il bravo Edoardo ne sia consapevole, ma il suo concerto non \u00e8 stato solo un evento guardato da tutta Italia; una prova generale e ben riuscita di sbarco negli stadi per un giovane cantautore di Latina che non ama le categorie, [&hellip;]<\/p>\n","protected":false},"author":62,"featured_media":226920,"comment_status":"open","ping_status":"open","sticky":false,"template":"","format":"standard","meta":{"footnotes":""},"categories":[7],"tags":[],"class_list":["post-226907","post","type-post","status-publish","format-standard","has-post-thumbnail","hentry","category-cronaca"],"_links":{"self":[{"href":"https:\/\/www.radioluna.it\/news\/wp-json\/wp\/v2\/posts\/226907","targetHints":{"allow":["GET"]}}],"collection":[{"href":"https:\/\/www.radioluna.it\/news\/wp-json\/wp\/v2\/posts"}],"about":[{"href":"https:\/\/www.radioluna.it\/news\/wp-json\/wp\/v2\/types\/post"}],"author":[{"embeddable":true,"href":"https:\/\/www.radioluna.it\/news\/wp-json\/wp\/v2\/users\/62"}],"replies":[{"embeddable":true,"href":"https:\/\/www.radioluna.it\/news\/wp-json\/wp\/v2\/comments?post=226907"}],"version-history":[{"count":0,"href":"https:\/\/www.radioluna.it\/news\/wp-json\/wp\/v2\/posts\/226907\/revisions"}],"wp:featuredmedia":[{"embeddable":true,"href":"https:\/\/www.radioluna.it\/news\/wp-json\/wp\/v2\/media\/226920"}],"wp:attachment":[{"href":"https:\/\/www.radioluna.it\/news\/wp-json\/wp\/v2\/media?parent=226907"}],"wp:term":[{"taxonomy":"category","embeddable":true,"href":"https:\/\/www.radioluna.it\/news\/wp-json\/wp\/v2\/categories?post=226907"},{"taxonomy":"post_tag","embeddable":true,"href":"https:\/\/www.radioluna.it\/news\/wp-json\/wp\/v2\/tags?post=226907"}],"curies":[{"name":"wp","href":"https:\/\/api.w.org\/{rel}","templated":true}]}}