{"id":226991,"date":"2018-07-24T13:53:11","date_gmt":"2018-07-24T11:53:11","guid":{"rendered":"https:\/\/www.radioluna.it\/news\/?p=226991"},"modified":"2018-07-24T14:02:43","modified_gmt":"2018-07-24T12:02:43","slug":"latina-auto-parcheggiate-in-strada-senza-assicurazione-scatta-il-sequestro","status":"publish","type":"post","link":"https:\/\/www.radioluna.it\/news\/2018\/07\/latina-auto-parcheggiate-in-strada-senza-assicurazione-scatta-il-sequestro\/","title":{"rendered":"Latina, auto parcheggiate in strada senza assicurazione, scatta il sequestro"},"content":{"rendered":"<div id=\"fb-root\"><\/div>\n<p style=\"text-align: justify;\"><strong>LATINA &#8211;<\/strong>\u00a0Quattro auto parcheggiate nel quartiere Q4, tra Largo Montemezzi e le strade vicine, sono finite nel deposito giudiziario perch\u00e9 sprovviste di assicurazione. E&#8217; uno degli esiti dei controlli rinforzati disposti dal Questore di Latina Carmine Belfiore dopo la rapina\u00a0 a mano armata nel Centro Lestrella. E dal momento che secondo i dati incrociati a disposizione sembra che i veicoli in circolazione non assicurati siano oltre la met\u00e0, pi\u00f9 di qualcuno ne avr\u00e0 da temere. Facile il controllo delle targhe delle auto giudicate sospette dagli operatori di polizia attraverso la banca dati e la scoperta che non c&#8217;era l&#8217;obbligatoria copertura di responsabilit\u00e0 civile. Sono scattate le contravvenzioni e il sequestro giudiziario.<\/p>\n<div class=\"radio-posizionamento-telefono-in-articoli-dopo-il-contenuto-articolo radio-entity-placement\" id=\"radio-275785712\"><div id=\"radio-1503706942\" style=\"width: 300px;height: 250px;\"><a href=\"https:\/\/www.icarspa.it\/auto\/usate\/latina\/\" aria-label=\"banner aprile icar new life &#8211; auto usate latina\"><img loading=\"lazy\" decoding=\"async\" src=\"https:\/\/www.radioluna.it\/news\/wp-content\/uploads\/2026\/02\/banner-aprile-icar-new-life-auto-usate-latina.gif\" alt=\"\"  width=\"300\" height=\"250\"   \/><\/a><\/div><\/div>","protected":false},"excerpt":{"rendered":"<p>LATINA &#8211;\u00a0Quattro auto parcheggiate nel quartiere Q4, tra Largo Montemezzi e le strade vicine, sono finite nel deposito giudiziario perch\u00e9 sprovviste di assicurazione. E&#8217; uno degli esiti dei controlli rinforzati disposti dal Questore di Latina Carmine Belfiore dopo la rapina\u00a0 a mano armata nel Centro Lestrella. E dal momento che secondo i dati incrociati a [&hellip;]<\/p>\n","protected":false},"author":62,"featured_media":226993,"comment_status":"open","ping_status":"open","sticky":false,"template":"","format":"standard","meta":{"footnotes":""},"categories":[7],"tags":[],"class_list":["post-226991","post","type-post","status-publish","format-standard","has-post-thumbnail","hentry","category-cronaca"],"_links":{"self":[{"href":"https:\/\/www.radioluna.it\/news\/wp-json\/wp\/v2\/posts\/226991","targetHints":{"allow":["GET"]}}],"collection":[{"href":"https:\/\/www.radioluna.it\/news\/wp-json\/wp\/v2\/posts"}],"about":[{"href":"https:\/\/www.radioluna.it\/news\/wp-json\/wp\/v2\/types\/post"}],"author":[{"embeddable":true,"href":"https:\/\/www.radioluna.it\/news\/wp-json\/wp\/v2\/users\/62"}],"replies":[{"embeddable":true,"href":"https:\/\/www.radioluna.it\/news\/wp-json\/wp\/v2\/comments?post=226991"}],"version-history":[{"count":0,"href":"https:\/\/www.radioluna.it\/news\/wp-json\/wp\/v2\/posts\/226991\/revisions"}],"wp:featuredmedia":[{"embeddable":true,"href":"https:\/\/www.radioluna.it\/news\/wp-json\/wp\/v2\/media\/226993"}],"wp:attachment":[{"href":"https:\/\/www.radioluna.it\/news\/wp-json\/wp\/v2\/media?parent=226991"}],"wp:term":[{"taxonomy":"category","embeddable":true,"href":"https:\/\/www.radioluna.it\/news\/wp-json\/wp\/v2\/categories?post=226991"},{"taxonomy":"post_tag","embeddable":true,"href":"https:\/\/www.radioluna.it\/news\/wp-json\/wp\/v2\/tags?post=226991"}],"curies":[{"name":"wp","href":"https:\/\/api.w.org\/{rel}","templated":true}]}}