{"id":227089,"date":"2018-07-25T16:31:30","date_gmt":"2018-07-25T14:31:30","guid":{"rendered":"https:\/\/www.radioluna.it\/news\/?p=227089"},"modified":"2018-07-25T16:31:30","modified_gmt":"2018-07-25T14:31:30","slug":"al-via-e-state-in-piazzetta-al-nicolosi","status":"publish","type":"post","link":"https:\/\/www.radioluna.it\/news\/2018\/07\/al-via-e-state-in-piazzetta-al-nicolosi\/","title":{"rendered":"Al via &#8220;E..state in piazzetta&#8221; al Nicolosi"},"content":{"rendered":"<div id=\"fb-root\"><\/div>\n<p style=\"text-align: justify;\"><strong>LATINA &#8211;<\/strong> Cinque serate di divertimento e spettacolo al Nicolosi. La rassegna estiva proposta da Rinascita Civile con la collaborazione dell\u2019Osteria del Nicolosi e del comitato di quartiere partir\u00e0 venerd\u00ec sera nella storica piazzetta di Via Corridoni a Latina.\u00a0L\u2019appuntamento \u00e8 alle 19:00 con la presentazione dell\u2019antologia \u201cMi ricordi il mare\u201d. Si tratta di una raccolta di 33 racconti ambientati sulla costa pontina e laziale, scritti da diversi autori. L\u2019opera \u00e8 stata curata dalla scrittrice di Latina Stefania De Caro, che sar\u00e0 presente insieme ad alcuni degli altri autori &#8211; Chiara De Magistris, Assunta Gneo, Gabriele Br\u00f2cani, Lidano Grassucci e Emilio Andreoli &#8211; per la presentazione del testo.<\/p>\n<p style=\"text-align: justify;\">A partire dalle 21:00 la piazzetta del Nicolosi si trasformer\u00e0 poi, da salotto letterario, in pista da ballo: la serata di liscio, con balli di gruppo, sar\u00e0 accompagnata dalle note dell\u2019orchestra spettacolo \u201cAgrodolce\u201d. Presente dal 2001 nel panorama musicale pontino, la formazione \u00e8 composta da Gianluca Ungarelli a tastiera e fisarmonica, e dalle voci di Riccardo Marchetti e di Eleonora D\u2019Ursi.<\/p>\n<p style=\"text-align: justify;\">\u201cLa rassegna si svolge all\u2019interno del Nicolosi perch\u00e9 \u00e8 il quartiere storico per eccellenza, che ha visto nascere la citt\u00e0 di Latina. Da parte nostra \u2013 spiega Sara Lazzaro, presidente di Rinascita Civile \u2013 c\u2019\u00e8 infatti la volont\u00e0 di organizzare una serie di eventi e di manifestazioni nei quartieri storici della citt\u00e0 ed il Nicolosi ci \u00e8 sembrata la location ideale per iniziare. La piazzetta, poi, \u00e8 una quinta naturale: qui la citt\u00e0 pu\u00f2 trovare uno spazio di espressione\u201d.<\/p>\n<p style=\"text-align: justify;\">Come gi\u00e0 sperimentato in altre occasioni, anche gli eventi del Nicolosi sono organizzati con la collaborazione di altri soggetti: il comitato di quartiere e l\u2019Osteria del Nicolosi. \u201cCi tengo a sottolinearlo \u2013 continua Lazzaro \u2013 l\u2019interazione fra le varie realt\u00e0 che operano per la cultura, siano esse imprese, associazioni o comitati di quartiere, \u00e8 importante e funziona. Fare network per trasformare la cultura in questa citt\u00e0 \u00e8 la strada che Rinascita Civile vuole portare proseguire con orgoglio\u201d.<\/p>\n<p style=\"text-align: justify;\">Nel calendario di \u201cE&#8230;state in piazzetta\u201d ci sono anche le serate di venerd\u00ec 10 agosto ed il fine settimana lungo che comprende venerd\u00ec 31 agosto, sabato 1\u00b0 settembre e domenica 2 settembre. La rassegna \u00e8 patrocinata dal Comune di Latina.<\/p>\n","protected":false},"excerpt":{"rendered":"<p>LATINA &#8211; Cinque serate di divertimento e spettacolo al Nicolosi. La rassegna estiva proposta da Rinascita Civile con la collaborazione dell\u2019Osteria del Nicolosi e del comitato di quartiere partir\u00e0 venerd\u00ec sera nella storica piazzetta di Via Corridoni a Latina.\u00a0L\u2019appuntamento \u00e8 alle 19:00 con la presentazione dell\u2019antologia \u201cMi ricordi il mare\u201d. Si tratta di una raccolta [&hellip;]<\/p>\n","protected":false},"author":60,"featured_media":0,"comment_status":"open","ping_status":"open","sticky":false,"template":"","format":"standard","meta":{"footnotes":""},"categories":[16],"tags":[],"class_list":["post-227089","post","type-post","status-publish","format-standard","hentry","category-appuntamenti"],"_links":{"self":[{"href":"https:\/\/www.radioluna.it\/news\/wp-json\/wp\/v2\/posts\/227089","targetHints":{"allow":["GET"]}}],"collection":[{"href":"https:\/\/www.radioluna.it\/news\/wp-json\/wp\/v2\/posts"}],"about":[{"href":"https:\/\/www.radioluna.it\/news\/wp-json\/wp\/v2\/types\/post"}],"author":[{"embeddable":true,"href":"https:\/\/www.radioluna.it\/news\/wp-json\/wp\/v2\/users\/60"}],"replies":[{"embeddable":true,"href":"https:\/\/www.radioluna.it\/news\/wp-json\/wp\/v2\/comments?post=227089"}],"version-history":[{"count":0,"href":"https:\/\/www.radioluna.it\/news\/wp-json\/wp\/v2\/posts\/227089\/revisions"}],"wp:attachment":[{"href":"https:\/\/www.radioluna.it\/news\/wp-json\/wp\/v2\/media?parent=227089"}],"wp:term":[{"taxonomy":"category","embeddable":true,"href":"https:\/\/www.radioluna.it\/news\/wp-json\/wp\/v2\/categories?post=227089"},{"taxonomy":"post_tag","embeddable":true,"href":"https:\/\/www.radioluna.it\/news\/wp-json\/wp\/v2\/tags?post=227089"}],"curies":[{"name":"wp","href":"https:\/\/api.w.org\/{rel}","templated":true}]}}