{"id":227130,"date":"2018-07-26T08:14:00","date_gmt":"2018-07-26T06:14:00","guid":{"rendered":"https:\/\/www.radioluna.it\/news\/?p=227130"},"modified":"2018-07-30T10:02:31","modified_gmt":"2018-07-30T08:02:31","slug":"festa-dei-popoli-allo-stadio-francioni","status":"publish","type":"post","link":"https:\/\/www.radioluna.it\/news\/2018\/07\/festa-dei-popoli-allo-stadio-francioni\/","title":{"rendered":"Festa dei Popoli allo Stadio Francioni"},"content":{"rendered":"<div id=\"fb-root\"><\/div>\n<p style=\"text-align: justify;\"><strong>LATINA<\/strong> &#8211; Tutto pronto al Francioni di Latina per la Festa dei Popoli appuntamento voluto dal Latina Calcio 1932 e che apre le porte dello stadio anche a chi non \u00e8 appassionato di sport e calcio. L&#8217;idea \u00e8 quella di un viaggio culturale tra musica, spettacolo e gusti del mondo, una tre giorni, il 27, 28 e 29 luglio. &#8220;Food, intrattenimento, stand gastronomici, artigianato e tanta birra &#8211; spiegano dal Latina Calcio &#8211;\u00a0 Tre serate con ingresso gratuito dove si respirer\u00e0 aria di festa e divertimento in un clima di libert\u00e0 e soprattutto sar\u00e0 accompagnata dalla musica e dallo spettacolo per quanti resteranno in citt\u00e0&#8221;.<\/p>\n<p style=\"text-align: justify;\">L\u2019ingresso allo stadio ogni sera sar\u00e0 a partire dalle ore 19,00. Dopo questo primo appuntamento si replicher\u00e0 il primo week end di agosto con altri tre giorni che avranno la stessa formula. Il 3, 4 e 5 agosto, oltre agli stand ed al villaggio globale di divertimento e gastronomia, non mancher\u00e0 la musica con il deejay Gigi l\u2019altro per i pi\u00f9 giovani il tre agosto, mentre il 5 agosto il divertimento porter\u00e0 la firma di Biagio Izzo.<\/p>\n<p style=\"text-align: justify;\">Intanto avviata anche la macchina organizzativa e la vendita dei biglietti dello show di Enrico Brignano. Il 30 agosto verr\u00e0 allestita un\u2019arena all\u2019interno dello Stadio Francioni di Latina per una delle tappe del tour estivo del comico romano\u00a0 \u201cEnricomincio da Me Unplugged\u201d.<\/p>\n","protected":false},"excerpt":{"rendered":"<p>LATINA &#8211; Tutto pronto al Francioni di Latina per la Festa dei Popoli appuntamento voluto dal Latina Calcio 1932 e che apre le porte dello stadio anche a chi non \u00e8 appassionato di sport e calcio. L&#8217;idea \u00e8 quella di un viaggio culturale tra musica, spettacolo e gusti del mondo, una tre giorni, il 27, [&hellip;]<\/p>\n","protected":false},"author":62,"featured_media":227131,"comment_status":"open","ping_status":"open","sticky":false,"template":"","format":"standard","meta":{"footnotes":""},"categories":[735],"tags":[],"class_list":["post-227130","post","type-post","status-publish","format-standard","has-post-thumbnail","hentry","category-attualita"],"_links":{"self":[{"href":"https:\/\/www.radioluna.it\/news\/wp-json\/wp\/v2\/posts\/227130","targetHints":{"allow":["GET"]}}],"collection":[{"href":"https:\/\/www.radioluna.it\/news\/wp-json\/wp\/v2\/posts"}],"about":[{"href":"https:\/\/www.radioluna.it\/news\/wp-json\/wp\/v2\/types\/post"}],"author":[{"embeddable":true,"href":"https:\/\/www.radioluna.it\/news\/wp-json\/wp\/v2\/users\/62"}],"replies":[{"embeddable":true,"href":"https:\/\/www.radioluna.it\/news\/wp-json\/wp\/v2\/comments?post=227130"}],"version-history":[{"count":0,"href":"https:\/\/www.radioluna.it\/news\/wp-json\/wp\/v2\/posts\/227130\/revisions"}],"wp:featuredmedia":[{"embeddable":true,"href":"https:\/\/www.radioluna.it\/news\/wp-json\/wp\/v2\/media\/227131"}],"wp:attachment":[{"href":"https:\/\/www.radioluna.it\/news\/wp-json\/wp\/v2\/media?parent=227130"}],"wp:term":[{"taxonomy":"category","embeddable":true,"href":"https:\/\/www.radioluna.it\/news\/wp-json\/wp\/v2\/categories?post=227130"},{"taxonomy":"post_tag","embeddable":true,"href":"https:\/\/www.radioluna.it\/news\/wp-json\/wp\/v2\/tags?post=227130"}],"curies":[{"name":"wp","href":"https:\/\/api.w.org\/{rel}","templated":true}]}}