{"id":227145,"date":"2018-07-26T09:58:43","date_gmt":"2018-07-26T07:58:43","guid":{"rendered":"https:\/\/www.radioluna.it\/news\/?p=227145"},"modified":"2018-07-30T10:01:58","modified_gmt":"2018-07-30T08:01:58","slug":"palio-di-santoliva-la-notturna-sabato-a-cori","status":"publish","type":"post","link":"https:\/\/www.radioluna.it\/news\/2018\/07\/palio-di-santoliva-la-notturna-sabato-a-cori\/","title":{"rendered":"Palio di Sant&#8217;Oliva, la notturna sabato a Cori"},"content":{"rendered":"<div id=\"fb-root\"><\/div>\n<p style=\"text-align: justify;\"><strong>CORI<\/strong> &#8211;\u00a0Tutto pronto per il Palio di Sant\u2019Oliva 2018, atto finale del Carosello Storico dei Rioni di Cori, che si disputer\u00e0 in notturna sabato 28 Luglio. Dopo le Feste di Porta, vissute in queste settimane in spirito di amicizia tra le tre contrade (Romana, Signina, Ninfina), ora si riaccende lo spirito agonistico e per i cavalieri \u00e8 giunto di nuovo il momento di salire in sella ai destrieri, sfoderare i pugnali e combattere l\u2019ultima battaglia di quest\u2019anno.<\/p>\n<p style=\"text-align: justify;\">Sar\u00e0 il giorno della rivincita per Porta Romana o Porta Signina, oppure quello della conferma per Porta Ninfina, che cercher\u00e0 di bissare la vittoria aggiudicandosi anche il drappo realizzato dall\u2019artista Alessio Pistilli. Sulla tela sono rappresentati tutti gli elementi che simboleggiano i rioni in gara, Sant\u2019Oliva, la competizione, ma soprattutto l\u2019opera costituisce un omaggio al professore Francesco Porcari, scomparso lo scorso novembre: pittore, scenografo, una delle figure che hanno fatto la storia culturale della sua citt\u00e0, egli fu anche costumista e figura di rilievo nella storia del Carosello Storico. Il professore compare con il suo camice bianco da lavoro, i suoi pennelli e una corona d\u2019alloro, simbolo di sapienza e di gloria.<\/p>\n<p style=\"text-align: justify;\">La disputa della corsa all\u2019anello sar\u00e0 preceduta dal corteo storico composto da centinaia di figuranti in splendidi abiti rinascimentali, cui parteciperanno anche gli utenti del Centro per Disabili Adulti di Giulianello \u201cL\u2019isola di Nemo\u201d e che partir\u00e0 alle ore 19.00 da piazza Signina, per poi sfilare attraverso il centro storico del paese, percorrendo il bravium fino allo stadio comunale di Stoza. Sugli spalti le tre tifoserie assisteranno alla competizione, non prima per\u00f2 dell\u2019esibizione degli Sbandieratori di Cori e della tradizionale \u201cAccensione della Luma\u201d per mano del Podest\u00e0.<\/p>\n<p style=\"text-align: justify;\">Nell\u2019occasione, il Sindaco Mauro De Lillis proclamer\u00e0 i vincitori del concorso, indetto e organizzato dal Comune in collaborazione con l\u2019Ente Carosello, &#8220;Cori &#8211; Strade, piazzette e vicoli in fiore\u201d, che ha visto singoli cittadini e comitati spontanei gareggiare nell\u2019abbellimento dei vari angoli della citt\u00e0 con addobbi floreali e ovviamente una specifica attenzione al percorso storico attraversato dal corteo rinascimentale.<\/p>\n<p style=\"text-align: justify;\">Intanto, per\u00f2, mentre sale la febbre della sfida, la vigilia del Palio sar\u00e0 tradizionalmente caratterizzata dalle cene propiziatorie che si consumeranno venerd\u00ec sera 27 luglio nelle tre taverne rionali, dove sar\u00e0 possibile degustare men\u00f9 a base di prodotti tipici, elogio all\u2019enogastronomia locale.<\/p>\n","protected":false},"excerpt":{"rendered":"<p>CORI &#8211;\u00a0Tutto pronto per il Palio di Sant\u2019Oliva 2018, atto finale del Carosello Storico dei Rioni di Cori, che si disputer\u00e0 in notturna sabato 28 Luglio. Dopo le Feste di Porta, vissute in queste settimane in spirito di amicizia tra le tre contrade (Romana, Signina, Ninfina), ora si riaccende lo spirito agonistico e per i [&hellip;]<\/p>\n","protected":false},"author":60,"featured_media":227146,"comment_status":"open","ping_status":"open","sticky":false,"template":"","format":"standard","meta":{"footnotes":""},"categories":[16],"tags":[],"class_list":["post-227145","post","type-post","status-publish","format-standard","has-post-thumbnail","hentry","category-appuntamenti"],"_links":{"self":[{"href":"https:\/\/www.radioluna.it\/news\/wp-json\/wp\/v2\/posts\/227145","targetHints":{"allow":["GET"]}}],"collection":[{"href":"https:\/\/www.radioluna.it\/news\/wp-json\/wp\/v2\/posts"}],"about":[{"href":"https:\/\/www.radioluna.it\/news\/wp-json\/wp\/v2\/types\/post"}],"author":[{"embeddable":true,"href":"https:\/\/www.radioluna.it\/news\/wp-json\/wp\/v2\/users\/60"}],"replies":[{"embeddable":true,"href":"https:\/\/www.radioluna.it\/news\/wp-json\/wp\/v2\/comments?post=227145"}],"version-history":[{"count":0,"href":"https:\/\/www.radioluna.it\/news\/wp-json\/wp\/v2\/posts\/227145\/revisions"}],"wp:featuredmedia":[{"embeddable":true,"href":"https:\/\/www.radioluna.it\/news\/wp-json\/wp\/v2\/media\/227146"}],"wp:attachment":[{"href":"https:\/\/www.radioluna.it\/news\/wp-json\/wp\/v2\/media?parent=227145"}],"wp:term":[{"taxonomy":"category","embeddable":true,"href":"https:\/\/www.radioluna.it\/news\/wp-json\/wp\/v2\/categories?post=227145"},{"taxonomy":"post_tag","embeddable":true,"href":"https:\/\/www.radioluna.it\/news\/wp-json\/wp\/v2\/tags?post=227145"}],"curies":[{"name":"wp","href":"https:\/\/api.w.org\/{rel}","templated":true}]}}