{"id":227582,"date":"2018-08-01T09:42:46","date_gmt":"2018-08-01T07:42:46","guid":{"rendered":"https:\/\/www.radioluna.it\/news\/?p=227582"},"modified":"2018-08-01T13:01:59","modified_gmt":"2018-08-01T11:01:59","slug":"latina-una-piazza-per-don-cesare-boschin","status":"publish","type":"post","link":"https:\/\/www.radioluna.it\/news\/2018\/08\/latina-una-piazza-per-don-cesare-boschin\/","title":{"rendered":"Latina, una piazza &#8220;ufficiale&#8221; per Don Cesare Boschin"},"content":{"rendered":"<div id=\"fb-root\"><\/div>\n<p style=\"text-align: justify;\"><strong>LATINA<\/strong> &#8211; Una piazza porter\u00e0 &#8220;ufficialmente&#8221; il nome di Don Cesare Boschin, il sacerdote che si batteva contro il traffico illegale dei rifiuti trovato incaprettato in canonica, a Borgo Montello, e ucciso da una mano rimasta sconosciuta. Lo comunica il comitato che ha dato vita ad una raccolta di firme per chiedere che il parroco venisse ricordato alla comunit\u00e0 tutta, visto che la scritta della targa gi\u00e0 esistente era illeggibile e pochi ricordavano che quella piazza in realt\u00e0 era gi\u00e0 intitolata al parroco antimafia.<\/p>\n<p style=\"text-align: justify;\">Cos\u00ec il 7 febbraio scorso una delibera comunale approva:\u00a0 &#8220;A settembre gli amici di Don Cesare Boschin assieme a Libera promuoveranno \u00a0una iniziativa a Borgo Montello. L&#8217;auspicio \u00e8 che questo risultato sia anche una spinta per le indagini riprese due anni fa&#8221;, dice\u00a0Felice Cipriani che si \u00e8 fatto promotore di una raccolta di firme.<\/p>\n<p>Il luogo \u00e8 il piazzale davanti alla chiesa del borgo di Latina che \u00e8 gi\u00e0: &#8220;Piazzale Monsignore Cesare Boschin&#8221;. Il Comune consegner\u00e0 nei prossimi mesi la nuova targa visto che quella attuale \u00e8 illegibile.<\/p>\n<div class=\"radio-posizionamento-telefono-in-articoli-dopo-il-contenuto-articolo radio-entity-placement\" id=\"radio-3095418050\"><div id=\"radio-1016777788\"><a href=\"https:\/\/www.simeoneceramiche.com\/\" aria-label=\"SIMEONE CERAMICHE GIF animata per radioluna_Tavola disegno 1 copia 2 (online-video-cutter.com)\"><img loading=\"lazy\" decoding=\"async\" src=\"https:\/\/www.radioluna.it\/news\/wp-content\/uploads\/2025\/05\/SIMEONE-CERAMICHE-GIF-animata-per-radioluna_Tavola-disegno-1-copia-2-online-video-cutter.com_.gif\" alt=\"\"  width=\"300\" height=\"250\"   \/><\/a><\/div><\/div>","protected":false},"excerpt":{"rendered":"<p>LATINA &#8211; Una piazza porter\u00e0 &#8220;ufficialmente&#8221; il nome di Don Cesare Boschin, il sacerdote che si batteva contro il traffico illegale dei rifiuti trovato incaprettato in canonica, a Borgo Montello, e ucciso da una mano rimasta sconosciuta. Lo comunica il comitato che ha dato vita ad una raccolta di firme per chiedere che il parroco [&hellip;]<\/p>\n","protected":false},"author":62,"featured_media":227583,"comment_status":"open","ping_status":"open","sticky":false,"template":"","format":"standard","meta":{"footnotes":""},"categories":[735],"tags":[],"class_list":["post-227582","post","type-post","status-publish","format-standard","has-post-thumbnail","hentry","category-attualita"],"_links":{"self":[{"href":"https:\/\/www.radioluna.it\/news\/wp-json\/wp\/v2\/posts\/227582","targetHints":{"allow":["GET"]}}],"collection":[{"href":"https:\/\/www.radioluna.it\/news\/wp-json\/wp\/v2\/posts"}],"about":[{"href":"https:\/\/www.radioluna.it\/news\/wp-json\/wp\/v2\/types\/post"}],"author":[{"embeddable":true,"href":"https:\/\/www.radioluna.it\/news\/wp-json\/wp\/v2\/users\/62"}],"replies":[{"embeddable":true,"href":"https:\/\/www.radioluna.it\/news\/wp-json\/wp\/v2\/comments?post=227582"}],"version-history":[{"count":0,"href":"https:\/\/www.radioluna.it\/news\/wp-json\/wp\/v2\/posts\/227582\/revisions"}],"wp:featuredmedia":[{"embeddable":true,"href":"https:\/\/www.radioluna.it\/news\/wp-json\/wp\/v2\/media\/227583"}],"wp:attachment":[{"href":"https:\/\/www.radioluna.it\/news\/wp-json\/wp\/v2\/media?parent=227582"}],"wp:term":[{"taxonomy":"category","embeddable":true,"href":"https:\/\/www.radioluna.it\/news\/wp-json\/wp\/v2\/categories?post=227582"},{"taxonomy":"post_tag","embeddable":true,"href":"https:\/\/www.radioluna.it\/news\/wp-json\/wp\/v2\/tags?post=227582"}],"curies":[{"name":"wp","href":"https:\/\/api.w.org\/{rel}","templated":true}]}}