{"id":227701,"date":"2018-08-03T12:41:05","date_gmt":"2018-08-03T10:41:05","guid":{"rendered":"https:\/\/www.radioluna.it\/news\/?p=227701"},"modified":"2018-08-03T17:05:27","modified_gmt":"2018-08-03T15:05:27","slug":"sabaudia-torna-i-suoni-del-lago-e-larpa-eolica-diventa-start-up","status":"publish","type":"post","link":"https:\/\/www.radioluna.it\/news\/2018\/08\/sabaudia-torna-i-suoni-del-lago-e-larpa-eolica-diventa-start-up\/","title":{"rendered":"Sabaudia, torna I suoni del Lago e l&#8217;arpa eolica diventa start up"},"content":{"rendered":"<div id=\"fb-root\"><\/div>\n<p style=\"text-align: justify;\"><strong>LATINA<\/strong> &#8211; Da rassegna musicale sostenibile che si svolge al Belvedere di Sabaudia, a start up innovativa che studia prototipi di strumenti capaci di suonare con il vento, ma che sono pensati anche per diventare oggetti di arredo urbano e punti di accumulo di energia a servizio della comunit\u00e0. Come l&#8217;arpa eolica che aveva debuttato lo scorso anno sul palcoscenico attirando l&#8217;attenzione del pubblico che non rester\u00e0 sola. Parola di Piero Cardarelli, direttore artistico de I Suoni del Lago.<\/p>\n<p style=\"text-align: justify;\"><strong>I CONCERTI<\/strong> &#8211; La rassegna organizzata dalla Pro Loco in collaborazione con il Comune di Sabaudia e l&#8217;Ente Parco Nazionale del Circeo, torna con questo progetto visionario e prender\u00e0 il via luned\u00ec 6 agosto con Danilo Rea, che terr\u00e0 a battesimo la Suoni del Lago Strings Orchestra composta da sei giovani musicisti di Latina (alle 21.30) per poi proseguire fino all&#8217;11 agosto, ogni sera con un concerto diverso, sempre seduti di fronte al Lago di Sabaudia. Il 7 agosto sar\u00e0 il turno del pianista minimalista italo-turco Francesco\u00a0 Taskayali; l&#8217;8\u00a0 del Virtuoso B.B,\u00a0 Bach, Bizet Bolling; il 9 agosto c&#8217;\u00e8 Like a Bob Dylan del Cinzia Tedesco Quintet; il 10 agosto Recordando Piazzolla y Gardel con Javier Ghirotto al Sax e Gianni Iorio al Bandoneon, torner\u00e0 a suonare anche la Suoni del Lago Strings Orchestra, per chiudere l&#8217;11 agosto con il Giovanni Tommaso Trio\/featuring Jasmine Tommaso. (programma in locandina)<\/p>\n<p style=\"text-align: justify;\">&#8220;Con l&#8217;arpa eolica esposta lo scorso anno sul palco de I Suoni del Lago, abbiamo partecipato al bando per start up innovative pubblicato da Lazio Innova mettendo insieme musica, cultura, artigianato artistico, tecnologia e design. Siamo arrivati in finale tra 3000 partecipanti &#8211; dice Cardarelli &#8211; E ora stiamo studiando altri prototipi come l&#8217;organolico, uno strumento simile all&#8217;organo che viene fatto suonare dal vento che si infila nelle canne e poi attraverso un sistema di turbine che stiamo studiando, produce energia.\u00a0 Potr\u00e0 nascere una rete di imprese&#8221;.<\/p>\n<p style=\"text-align: justify;\">L&#8217;arpa eolica intanto torner\u00e0 a fare mostra di s\u00e9 al Belvedere a partire dalla seconda serata.<\/p>\n<p>&nbsp;<\/p>\n<p><img loading=\"lazy\" decoding=\"async\" class=\"alignnone size-full wp-image-227702\" src=\"https:\/\/www.radioluna.it\/news\/wp-content\/uploads\/2018\/08\/I-SUONI-DEL-LAGO.jpg\" alt=\"\" width=\"640\" height=\"1438\" srcset=\"https:\/\/www.radioluna.it\/news\/wp-content\/uploads\/2018\/08\/I-SUONI-DEL-LAGO.jpg 640w, https:\/\/www.radioluna.it\/news\/wp-content\/uploads\/2018\/08\/I-SUONI-DEL-LAGO-134x300.jpg 134w, https:\/\/www.radioluna.it\/news\/wp-content\/uploads\/2018\/08\/I-SUONI-DEL-LAGO-456x1024.jpg 456w, https:\/\/www.radioluna.it\/news\/wp-content\/uploads\/2018\/08\/I-SUONI-DEL-LAGO-500x1123.jpg 500w\" sizes=\"auto, (max-width: 640px) 100vw, 640px\" \/><\/p>\n<div class=\"radio-posizionamento-telefono-in-articoli-dopo-il-contenuto-articolo radio-entity-placement\" id=\"radio-333104194\"><div id=\"radio-2800284886\" style=\"width: 300px;height: 250px;\"><a href=\"https:\/\/www.icarspa.it\/auto\/usate\/latina\/\" aria-label=\"banner aprile icar new life &#8211; auto usate latina\"><img loading=\"lazy\" decoding=\"async\" src=\"https:\/\/www.radioluna.it\/news\/wp-content\/uploads\/2026\/02\/banner-aprile-icar-new-life-auto-usate-latina.gif\" alt=\"\"  width=\"300\" height=\"250\"   \/><\/a><\/div><\/div>","protected":false},"excerpt":{"rendered":"<p>LATINA &#8211; Da rassegna musicale sostenibile che si svolge al Belvedere di Sabaudia, a start up innovativa che studia prototipi di strumenti capaci di suonare con il vento, ma che sono pensati anche per diventare oggetti di arredo urbano e punti di accumulo di energia a servizio della comunit\u00e0. Come l&#8217;arpa eolica che aveva debuttato [&hellip;]<\/p>\n","protected":false},"author":62,"featured_media":227724,"comment_status":"open","ping_status":"open","sticky":false,"template":"","format":"standard","meta":{"footnotes":""},"categories":[16],"tags":[],"class_list":["post-227701","post","type-post","status-publish","format-standard","has-post-thumbnail","hentry","category-appuntamenti"],"_links":{"self":[{"href":"https:\/\/www.radioluna.it\/news\/wp-json\/wp\/v2\/posts\/227701","targetHints":{"allow":["GET"]}}],"collection":[{"href":"https:\/\/www.radioluna.it\/news\/wp-json\/wp\/v2\/posts"}],"about":[{"href":"https:\/\/www.radioluna.it\/news\/wp-json\/wp\/v2\/types\/post"}],"author":[{"embeddable":true,"href":"https:\/\/www.radioluna.it\/news\/wp-json\/wp\/v2\/users\/62"}],"replies":[{"embeddable":true,"href":"https:\/\/www.radioluna.it\/news\/wp-json\/wp\/v2\/comments?post=227701"}],"version-history":[{"count":0,"href":"https:\/\/www.radioluna.it\/news\/wp-json\/wp\/v2\/posts\/227701\/revisions"}],"wp:featuredmedia":[{"embeddable":true,"href":"https:\/\/www.radioluna.it\/news\/wp-json\/wp\/v2\/media\/227724"}],"wp:attachment":[{"href":"https:\/\/www.radioluna.it\/news\/wp-json\/wp\/v2\/media?parent=227701"}],"wp:term":[{"taxonomy":"category","embeddable":true,"href":"https:\/\/www.radioluna.it\/news\/wp-json\/wp\/v2\/categories?post=227701"},{"taxonomy":"post_tag","embeddable":true,"href":"https:\/\/www.radioluna.it\/news\/wp-json\/wp\/v2\/tags?post=227701"}],"curies":[{"name":"wp","href":"https:\/\/api.w.org\/{rel}","templated":true}]}}