{"id":227832,"date":"2018-08-06T08:40:48","date_gmt":"2018-08-06T06:40:48","guid":{"rendered":"https:\/\/www.radioluna.it\/news\/?p=227832"},"modified":"2018-08-06T08:42:01","modified_gmt":"2018-08-06T06:42:01","slug":"si-chiama-svagarti-e-animera-la-via-dei-pub-a-fine-settembre","status":"publish","type":"post","link":"https:\/\/www.radioluna.it\/news\/2018\/08\/si-chiama-svagarti-e-animera-la-via-dei-pub-a-fine-settembre\/","title":{"rendered":"Si chiama \u201cSvagArti\u201d e animer\u00e0 la Via dei Pub a fine settembre"},"content":{"rendered":"<div id=\"fb-root\"><\/div>\n<p style=\"text-align: justify;\"><strong>LATINA<\/strong> &#8211;\u00a0C\u2019\u00e8 anche il progetto del Forum dei Giovani di Latina tra gli eventi estivi beneficiari dei finanziamenti messi a disposizione dalla Regione Lazio attraverso bando pubblico. Si chiama \u201cSvagArti &#8211; il Festival dei Giovani di Latina\u201d ed \u00e8 stato costruito dai ragazzi e dalle ragazze del Forum con la supervisione e la guida dell\u2019Assessora alle Politiche Giovanili Cristina Leggio, del Coordinatore Alessandro Di Muro, del Vice Coordinatore Fabrizio Almanza e della Presidente della Commissione Politiche Giovanili Valeria Campagna.<\/p>\n<p style=\"text-align: justify;\">Con \u201cSvagArti\u201d il Comune di Latina e il Forum Giovani hanno partecipato all&#8217;Avviso per la concessione di contributi agli Enti pubblici finalizzati alla promozione e alla valorizzazione delle iniziative di interesse regionale da realizzare nel periodo giugno-settembre 2018. La Regione ha approvato l\u2019iniziativa\u00a0 e la cofinanzier\u00e0 con 4mila euro.<\/p>\n<p style=\"text-align: justify;\">\u201cSvagArti\u201d nasce dal lavoro congiunto dei ragazzi e delle ragazze del Forum dei Giovani su una proposta del Coordinatore Di Muro e mira alla promozione delle attivit\u00e0 del Forum e alla partecipazione giovanile alla vita della citt\u00e0, stimolando l&#8217;identit\u00e0 storico-culturale del territorio che viene narrata attraverso \u201clinguaggi nuovi\u201d al fine di favorire una riscoperta del senso d\u2019appartenenza alla comunit\u00e0 e alla storia cittadina. \u00ab\u201cSvagArti\u201d si propone come spazio di confronto, crescita ed espressione \u2013 spiega il Coordinatore del Forum dei Giovani Di Muro &#8211; ed avr\u00e0 luogo nell&#8217;anima giovane della citt\u00e0, la cosiddetta \u201cVia dei Pub\u201d, tra via Lago Ascianghi, Via Neghelli e Via Cesare Battisti, alla fine del mese di Settembre. I contenuti del Festival sono stati definiti a partire dalle aree di approfondimento su cui lavorano i tavoli tematici del Forum e le attivit\u00e0 proposte sono state pensate affinch\u00e9 nessuno resti escluso attraverso un percorso di inclusione con i ragazzi e le ragazze con disabilit\u00e0. Un evento che mira ad essere un vero e proprio momento di comunit\u00e0, un punto di confronto e stimolo per i giovani in previsione di un percorso verso un obiettivo unitario, la citt\u00e0 di Latina\u00bb.<\/p>\n<p style=\"text-align: justify;\">\u00abMi congratulo con il coordinatore, il vice coordinatore e tutti gli iscritti del Forum \u2013 aggiunge l\u2019Assessora Leggio &#8211; per aver saputo mettere subito in campo un lavoro condiviso che ha visto tutti partecipare con disponibilit\u00e0, entusiasmo e con la capacit\u00e0 di trasformare in proposte e azioni concrete la visione di citt\u00e0 che il Forum ha iniziato a disegnare\u00bb.<\/p>\n<p style=\"text-align: justify;\">\n<div class=\"radio-posizionamento-telefono-in-articoli-dopo-il-contenuto-articolo radio-entity-placement\" id=\"radio-3068559212\"><div id=\"radio-1763124564\" style=\"width: 300px;height: 250px;\"><a href=\"https:\/\/www.icarspa.it\/auto\/usate\/latina\/\" aria-label=\"banner aprile icar new life &#8211; auto usate latina\"><img loading=\"lazy\" decoding=\"async\" src=\"https:\/\/www.radioluna.it\/news\/wp-content\/uploads\/2026\/02\/banner-aprile-icar-new-life-auto-usate-latina.gif\" alt=\"\"  width=\"300\" height=\"250\"   \/><\/a><\/div><\/div>","protected":false},"excerpt":{"rendered":"<p>LATINA &#8211;\u00a0C\u2019\u00e8 anche il progetto del Forum dei Giovani di Latina tra gli eventi estivi beneficiari dei finanziamenti messi a disposizione dalla Regione Lazio attraverso bando pubblico. Si chiama \u201cSvagArti &#8211; il Festival dei Giovani di Latina\u201d ed \u00e8 stato costruito dai ragazzi e dalle ragazze del Forum con la supervisione e la guida dell\u2019Assessora [&hellip;]<\/p>\n","protected":false},"author":60,"featured_media":0,"comment_status":"open","ping_status":"open","sticky":false,"template":"","format":"standard","meta":{"footnotes":""},"categories":[735],"tags":[],"class_list":["post-227832","post","type-post","status-publish","format-standard","hentry","category-attualita"],"_links":{"self":[{"href":"https:\/\/www.radioluna.it\/news\/wp-json\/wp\/v2\/posts\/227832","targetHints":{"allow":["GET"]}}],"collection":[{"href":"https:\/\/www.radioluna.it\/news\/wp-json\/wp\/v2\/posts"}],"about":[{"href":"https:\/\/www.radioluna.it\/news\/wp-json\/wp\/v2\/types\/post"}],"author":[{"embeddable":true,"href":"https:\/\/www.radioluna.it\/news\/wp-json\/wp\/v2\/users\/60"}],"replies":[{"embeddable":true,"href":"https:\/\/www.radioluna.it\/news\/wp-json\/wp\/v2\/comments?post=227832"}],"version-history":[{"count":0,"href":"https:\/\/www.radioluna.it\/news\/wp-json\/wp\/v2\/posts\/227832\/revisions"}],"wp:attachment":[{"href":"https:\/\/www.radioluna.it\/news\/wp-json\/wp\/v2\/media?parent=227832"}],"wp:term":[{"taxonomy":"category","embeddable":true,"href":"https:\/\/www.radioluna.it\/news\/wp-json\/wp\/v2\/categories?post=227832"},{"taxonomy":"post_tag","embeddable":true,"href":"https:\/\/www.radioluna.it\/news\/wp-json\/wp\/v2\/tags?post=227832"}],"curies":[{"name":"wp","href":"https:\/\/api.w.org\/{rel}","templated":true}]}}