{"id":227840,"date":"2018-08-06T09:04:35","date_gmt":"2018-08-06T07:04:35","guid":{"rendered":"https:\/\/www.radioluna.it\/news\/?p=227840"},"modified":"2018-08-06T09:04:35","modified_gmt":"2018-08-06T07:04:35","slug":"danilo-rea-inaugura-i-suoni-del-lago-oltre-il-giardino","status":"publish","type":"post","link":"https:\/\/www.radioluna.it\/news\/2018\/08\/danilo-rea-inaugura-i-suoni-del-lago-oltre-il-giardino\/","title":{"rendered":"Danilo Rea inaugura I Suoni del Lago&#8230; oltre il giardino"},"content":{"rendered":"<div id=\"fb-root\"><\/div>\n<p style=\"text-align: justify;\"><strong>SABAUDIA<\/strong> &#8211; Danilo Rea torna a Sabaudia dove aprir\u00e0 stasera (luned\u00ec 6 agosto) alle 21.30 al Belvedere di Sabaudia la terza stagione della rassegna concertistica I suoni del Lago&#8230;oltre il giardino, che accompagner\u00e0 le serate nella citt\u00e0 del Parco fino a sabato 11 agosto. &#8220;Sei concerti per portare avanti un concetto di cultura inteso in maniera esponenzialmente sempre pi\u00f9 includente, motore di crescita in cui ambiente, operatori culturali, sociali ed economici in generale trovano incontro&#8221;, dicono gli organizzatori della rassegna diretta dal Maestro Piero Cardarelli.<\/p>\n<p style=\"text-align: justify;\">Danilo Rea non ha bisogno di presentazioni: al fatto di essere uno dei grandi pianisti italiani, proiettato sulla scena internazionale del jazz, aggiunge l&#8217;amore per il luogo, Sabaudia dove pi\u00f9 di quarant\u2019anni fa suonava giovanissimo e ancora lontano dai riflettori insieme all\u2019amico di sempre Piero Cardarelli: &#8220;Da quelle estemporanee esibizioni, quando Sabaudia accoglieva le prime sperimentazioni in chiave jazz, si giunge fino a oggi, con l\u2019atteso ritorno anche nella terza edizione de I Suoni del Lago&#8221;.<\/p>\n<p style=\"text-align: justify;\">L&#8217;ESORDIO DI UNA BAND GIOVANE: Pianista prediletto di Mina per le sue registrazioni e di Gino Paoli per i concerti, REA terr\u00e0 a battesimo la \u201cSuoni del Lago strings Orchestra\u201d, una compagine formata da due musicisti e docenti locali e da cinque giovani allievi del conservatorio e del liceo musicale di Latina. Ad accompagnarlo sul palcoscenico abbracciato dal lago, la figlia Oona, considerata una delle voci pi\u00f9 interessanti del panorama musicale italiano, dotata di un intenso timbro blues che la distingue dalla gran parte delle cantanti jazz italiane. Oona Rea utilizza la sua voce\u00a0 cantando con disinvoltura sia in inglese che in italiano, ricordando come vocalit\u00e0 la grandissima Annette Peacock. Un\u2019artista che gi\u00e0 dimostra personalit\u00e0 ed uno stile particolare con vocalit\u00e0 e tecnica di prim\u2019ordine, come testimoniato nel recente tour che ha percorso l\u2019Oriente tra Cina e Giappone.<\/p>\n<p style=\"text-align: justify;\">La rassegna \u00e8 promossa dalla Pro Loco di Sabaudia in collaborazione con l\u2019Amministrazione comunale di Sabaudia, il Parco Nazionale del Circeo e con i patrocini della Provincia di Latina e del Consorzio Pro Loco Circe (Ponza, Latina, Terracina, Sabaudia, San Felice Circeo), che gode, fin dal primo anno, della direzione artistica del Maestro Piero Cardarelli e di quella organizzativa di Gennaro Di Leva.<\/p>\n<p>&nbsp;<\/p>\n<div class=\"radio-posizionamento-telefono-in-articoli-dopo-il-contenuto-articolo radio-entity-placement\" id=\"radio-3498629385\"><div id=\"radio-592198964\"><a href=\"https:\/\/www.simeoneceramiche.com\/\" aria-label=\"SIMEONE CERAMICHE GIF animata per radioluna_Tavola disegno 1 copia 2 (online-video-cutter.com)\"><img loading=\"lazy\" decoding=\"async\" src=\"https:\/\/www.radioluna.it\/news\/wp-content\/uploads\/2025\/05\/SIMEONE-CERAMICHE-GIF-animata-per-radioluna_Tavola-disegno-1-copia-2-online-video-cutter.com_.gif\" alt=\"\"  width=\"300\" height=\"250\"   \/><\/a><\/div><\/div>","protected":false},"excerpt":{"rendered":"<p>SABAUDIA &#8211; Danilo Rea torna a Sabaudia dove aprir\u00e0 stasera (luned\u00ec 6 agosto) alle 21.30 al Belvedere di Sabaudia la terza stagione della rassegna concertistica I suoni del Lago&#8230;oltre il giardino, che accompagner\u00e0 le serate nella citt\u00e0 del Parco fino a sabato 11 agosto. &#8220;Sei concerti per portare avanti un concetto di cultura inteso in [&hellip;]<\/p>\n","protected":false},"author":62,"featured_media":227702,"comment_status":"open","ping_status":"open","sticky":false,"template":"","format":"standard","meta":{"footnotes":""},"categories":[16],"tags":[],"class_list":["post-227840","post","type-post","status-publish","format-standard","has-post-thumbnail","hentry","category-appuntamenti"],"_links":{"self":[{"href":"https:\/\/www.radioluna.it\/news\/wp-json\/wp\/v2\/posts\/227840","targetHints":{"allow":["GET"]}}],"collection":[{"href":"https:\/\/www.radioluna.it\/news\/wp-json\/wp\/v2\/posts"}],"about":[{"href":"https:\/\/www.radioluna.it\/news\/wp-json\/wp\/v2\/types\/post"}],"author":[{"embeddable":true,"href":"https:\/\/www.radioluna.it\/news\/wp-json\/wp\/v2\/users\/62"}],"replies":[{"embeddable":true,"href":"https:\/\/www.radioluna.it\/news\/wp-json\/wp\/v2\/comments?post=227840"}],"version-history":[{"count":0,"href":"https:\/\/www.radioluna.it\/news\/wp-json\/wp\/v2\/posts\/227840\/revisions"}],"wp:featuredmedia":[{"embeddable":true,"href":"https:\/\/www.radioluna.it\/news\/wp-json\/wp\/v2\/media\/227702"}],"wp:attachment":[{"href":"https:\/\/www.radioluna.it\/news\/wp-json\/wp\/v2\/media?parent=227840"}],"wp:term":[{"taxonomy":"category","embeddable":true,"href":"https:\/\/www.radioluna.it\/news\/wp-json\/wp\/v2\/categories?post=227840"},{"taxonomy":"post_tag","embeddable":true,"href":"https:\/\/www.radioluna.it\/news\/wp-json\/wp\/v2\/tags?post=227840"}],"curies":[{"name":"wp","href":"https:\/\/api.w.org\/{rel}","templated":true}]}}