{"id":227842,"date":"2018-08-06T09:16:40","date_gmt":"2018-08-06T07:16:40","guid":{"rendered":"https:\/\/www.radioluna.it\/news\/?p=227842"},"modified":"2018-08-10T07:58:38","modified_gmt":"2018-08-10T05:58:38","slug":"e-nata-alice-procaccini-il-papa-la-festeggia-cosi","status":"publish","type":"post","link":"https:\/\/www.radioluna.it\/news\/2018\/08\/e-nata-alice-procaccini-il-papa-la-festeggia-cosi\/","title":{"rendered":"E&#8217; nata Alice Procaccini, il pap\u00e0 la festeggia cos\u00ec"},"content":{"rendered":"<div id=\"fb-root\"><\/div>\n<p style=\"text-align: justify;\"><strong>TERRACINA<\/strong> &#8211; Un tenero abbraccio e una frase che celebra la nascita di sua figlia, la bellezza della paternit\u00e0 e insieme la citt\u00e0 in cui entrambi vivono. Citando il pi\u00f9 famoso romanzo di Lewis Carrol, Alice nel paese delle meraviglie, il sindaco di Terracina, Nicola Procaccini, annuncia la nascita della sua primogenita: lei \u00e8 Alice e Terracina il paese delle meraviglie.<\/p>\n<div class=\"radio-posizionamento-telefono-in-articoli-dopo-il-contenuto-articolo radio-entity-placement\" id=\"radio-109670872\"><div id=\"radio-818780442\" style=\"width: 300px;height: 250px;\"><a href=\"https:\/\/www.icarspa.it\/auto\/usate\/latina\/\" aria-label=\"banner aprile icar new life &#8211; auto usate latina\"><img loading=\"lazy\" decoding=\"async\" src=\"https:\/\/www.radioluna.it\/news\/wp-content\/uploads\/2026\/02\/banner-aprile-icar-new-life-auto-usate-latina.gif\" alt=\"\"  width=\"300\" height=\"250\"   \/><\/a><\/div><\/div>","protected":false},"excerpt":{"rendered":"<p>TERRACINA &#8211; Un tenero abbraccio e una frase che celebra la nascita di sua figlia, la bellezza della paternit\u00e0 e insieme la citt\u00e0 in cui entrambi vivono. Citando il pi\u00f9 famoso romanzo di Lewis Carrol, Alice nel paese delle meraviglie, il sindaco di Terracina, Nicola Procaccini, annuncia la nascita della sua primogenita: lei \u00e8 Alice [&hellip;]<\/p>\n","protected":false},"author":62,"featured_media":227843,"comment_status":"open","ping_status":"open","sticky":false,"template":"","format":"standard","meta":{"footnotes":""},"categories":[735],"tags":[],"class_list":["post-227842","post","type-post","status-publish","format-standard","has-post-thumbnail","hentry","category-attualita"],"_links":{"self":[{"href":"https:\/\/www.radioluna.it\/news\/wp-json\/wp\/v2\/posts\/227842","targetHints":{"allow":["GET"]}}],"collection":[{"href":"https:\/\/www.radioluna.it\/news\/wp-json\/wp\/v2\/posts"}],"about":[{"href":"https:\/\/www.radioluna.it\/news\/wp-json\/wp\/v2\/types\/post"}],"author":[{"embeddable":true,"href":"https:\/\/www.radioluna.it\/news\/wp-json\/wp\/v2\/users\/62"}],"replies":[{"embeddable":true,"href":"https:\/\/www.radioluna.it\/news\/wp-json\/wp\/v2\/comments?post=227842"}],"version-history":[{"count":0,"href":"https:\/\/www.radioluna.it\/news\/wp-json\/wp\/v2\/posts\/227842\/revisions"}],"wp:featuredmedia":[{"embeddable":true,"href":"https:\/\/www.radioluna.it\/news\/wp-json\/wp\/v2\/media\/227843"}],"wp:attachment":[{"href":"https:\/\/www.radioluna.it\/news\/wp-json\/wp\/v2\/media?parent=227842"}],"wp:term":[{"taxonomy":"category","embeddable":true,"href":"https:\/\/www.radioluna.it\/news\/wp-json\/wp\/v2\/categories?post=227842"},{"taxonomy":"post_tag","embeddable":true,"href":"https:\/\/www.radioluna.it\/news\/wp-json\/wp\/v2\/tags?post=227842"}],"curies":[{"name":"wp","href":"https:\/\/api.w.org\/{rel}","templated":true}]}}