{"id":227845,"date":"2018-08-06T09:31:08","date_gmt":"2018-08-06T07:31:08","guid":{"rendered":"https:\/\/www.radioluna.it\/news\/?p=227845"},"modified":"2018-08-10T07:58:43","modified_gmt":"2018-08-10T05:58:43","slug":"inventa-un-film-a-lenola-la-20-edizione-del-festival-internazionale","status":"publish","type":"post","link":"https:\/\/www.radioluna.it\/news\/2018\/08\/inventa-un-film-a-lenola-la-20-edizione-del-festival-internazionale\/","title":{"rendered":"Inventa un Film, a Lenola la 20\u00b0 edizione del Festival internazionale"},"content":{"rendered":"<div id=\"fb-root\"><\/div>\n<p style=\"text-align: justify;\"><strong>LATINA<\/strong> &#8211;\u00a0Inizier\u00e0 marted\u00ec 7 agosto e terminer\u00e0 sabato 11 agosto, prevalentemente\u00a0 all\u2019Anfiteatro \u201cMarino De Filippis\u201d di Lenola, la ventesima edizione del festival internazionale di Lenola, Inventa un Film.\u00a0Sono 1904 i lavori provenienti da 95 nazioni, iscritti nella sezione cortometraggi, 135 sono i lavori italiani iscritti alla sezione lungometraggi \u201cOro invisibile\u201d del festival di Lenola 2018 destinata a film non adeguatamente distribuiti nelle sale cinematografiche. Accanto alla sezione cortometraggi e lungometraggi nazionali sono previste le tradizionali sezioni \u201cLenolafilmfestival\u201d per i cortometraggi provenienti dall\u2019estero, la sezione animazione internazionale, la sezione Scuola, il contest fotografico Fotocanzone, giunto alla quinta edizione, la sezione non competitiva \u201cVoci dal territorio\u201d. Tra le novit\u00e0 di quest\u2019anno l\u2019istituzione del \u201cpremio Migrantes \u2013 Sprar Comune di Lenola\u201d, assegnato da una commissione, composta\u00a0 da esperti della giuria tecnica e dai beneficiari dello Sprar, che sceglier\u00e0 il miglior film riguardante il tema dei flussi migratori e delle vicende umane dei loro protagonisti.<\/p>\n<p style=\"text-align: justify;\">LA GIURIA &#8211; I giurati presenti al festival di Lenola, che valuteranno i lavori in concorso nelle varie sezioni, sono Enzo Porcelli, produttore di oltre 60 film che hanno raccolto\u00a0 numerosi premi e riconoscimenti, tra cui un Premio Oscar, due Palme d\u2019oro ed un Gran Premio della Giuria al Festival di Cannes, un Leone d\u2019Argento al Festival di Venezia e un\u00a0 Orso d\u2019oro e d\u2019argento al Festival di Berlino, Enrico Magrelli, giornalista e critico cinematografico, tra gli autori e conduttori di \u201cHollywood Party\u201d su Radiotre\u201d, Simone Isola, produttore di &#8220;Non essere cattivo&#8221; di Claudio Caligari, Liliana Fiorelli, tra le attrici\u00a0 protagoniste di \u201cFortunata\u201d di Sergio Castellitto e del videoclip di Luca Carboni \u201cUna Grande Festa\u201d ,\u00a0 Azzurra Martino, Penelope, la fidanzata italiana di Checco in \u201cQuo Vado\u201d,\u00a0 Angela Curri, che ha interpretato La fornarina in \u201cRaffaello \u2013 Il principe delle arti\u201d , Bea in \u201cBraccialetti Rossi 2\u201d ed \u00e8 stata tra le protagoniste della serie\u00a0 \u201cLa Mafia uccide solo d\u2019estate\u201d, Walter Lippa, attore nella serie Gomorra, Emanuela Panatta, attrice e regista teatrale, Francesco Apolloni, regista, scrittore, attore (\u201cScusa ma ti chiamo amore\u201d, \u201cScusa se ti voglio sposare\u201d, \u201cRino Gaetano\u201d), giornalista e produttore, Sabrina Crocco attrice in\u00a0 &#8220;Le tre rose di Eva&#8221; 3, &#8220;Provaci ancora Prof&#8221; 6, Alessandra Masi, nel 2015\u00a0 coprotagonista di stagione nella serie Rai \u201cUn Posto al Sole\u201d e poi gli attori Giulia Morgani e Giuseppe Pestillo,\u00a0 la giornalista e conduttrice Dina Tomezzoli, il membro del direttivo della FUIS, Simone Di Conza, i registi Max Nardari, Paolo Mannarino e\u00a0 Ines Manca, il direttore artistico del festival \u201cVia dei Corti\u201d Cirino Cristaldi,\u00a0 il poeta e giornalista Quintino Di Marco, la fotografa Gabriella Deodato,\u00a0 la scrittrice Anna Rita Murano e un componente della redazione di Radio Spazio Blu.<\/p>\n<p style=\"text-align: justify;\"><strong>GLI EVENTI\u00a0<\/strong> &#8211; Due gli eventi collaterali di grande spessore che si svolgeranno nella Pineta Mondragon a Lenola e accompagneranno le tradizionali proiezioni del festival:<\/p>\n<p style=\"text-align: justify;\">Gioved\u00ec 9 agosto verr\u00e0 organizzata dalle 10.00 alle 19.00 la terza edizione della\u00a0 Giornata dell&#8217;Attore con casting, esibizioni dal vivo e dibattiti. Saranno presenti produttori,\u00a0 direttori di casting e registi che sceglieranno gli interpreti dei loro prossimi lungometraggi, cortometraggi, spot\u00a0\u00a0 tra gli oltre 100 attori che giungeranno a Lenola\u00a0 da tutte le parti d\u2019Italia.<\/p>\n<p style=\"text-align: justify;\">Si svolger\u00e0 sempre nella Pineta Mondragon di Lenola nella mattinata e nel pomeriggio di sabato 11 agosto dalle 10.00 alle 13.00 e dalle 15.00 alle 20.00 invece la seconda edizione della GIORNATA DEL LIBRO . Anche quest\u2019anno verranno presentate 24 opere con la presenza di tutti gli autori e di alcuni editori.<\/p>\n<p>Tutte le opere selezionate su\u00a0<a href=\"https:\/\/www.produzionidalbasso.com\/project\/20deg-festival-internazionale-inventa-un-film-lenola\/\">https:\/\/www.produzionidalbasso.com\/project\/20deg-festival-internazionale-inventa-un-film-lenola\/<\/a><\/p>\n<div class=\"radio-posizionamento-telefono-in-articoli-dopo-il-contenuto-articolo radio-entity-placement\" id=\"radio-1856848585\"><div id=\"radio-3655281088\"><a href=\"https:\/\/grupporedi.it\/\" aria-label=\"Redi-Qr\"><img loading=\"lazy\" decoding=\"async\" src=\"https:\/\/www.radioluna.it\/news\/wp-content\/uploads\/2026\/03\/Redi-Qr.jpg\" alt=\"\"  srcset=\"https:\/\/www.radioluna.it\/news\/wp-content\/uploads\/2026\/03\/Redi-Qr.jpg 800w, https:\/\/www.radioluna.it\/news\/wp-content\/uploads\/2026\/03\/Redi-Qr-768x639.jpg 768w\" sizes=\"(max-width: 800px) 100vw, 800px\" width=\"300\" height=\"250\"   \/><\/a><\/div><\/div>","protected":false},"excerpt":{"rendered":"<p>LATINA &#8211;\u00a0Inizier\u00e0 marted\u00ec 7 agosto e terminer\u00e0 sabato 11 agosto, prevalentemente\u00a0 all\u2019Anfiteatro \u201cMarino De Filippis\u201d di Lenola, la ventesima edizione del festival internazionale di Lenola, Inventa un Film.\u00a0Sono 1904 i lavori provenienti da 95 nazioni, iscritti nella sezione cortometraggi, 135 sono i lavori italiani iscritti alla sezione lungometraggi \u201cOro invisibile\u201d del festival di Lenola 2018 [&hellip;]<\/p>\n","protected":false},"author":60,"featured_media":227846,"comment_status":"open","ping_status":"open","sticky":false,"template":"","format":"standard","meta":{"footnotes":""},"categories":[16],"tags":[],"class_list":["post-227845","post","type-post","status-publish","format-standard","has-post-thumbnail","hentry","category-appuntamenti"],"_links":{"self":[{"href":"https:\/\/www.radioluna.it\/news\/wp-json\/wp\/v2\/posts\/227845","targetHints":{"allow":["GET"]}}],"collection":[{"href":"https:\/\/www.radioluna.it\/news\/wp-json\/wp\/v2\/posts"}],"about":[{"href":"https:\/\/www.radioluna.it\/news\/wp-json\/wp\/v2\/types\/post"}],"author":[{"embeddable":true,"href":"https:\/\/www.radioluna.it\/news\/wp-json\/wp\/v2\/users\/60"}],"replies":[{"embeddable":true,"href":"https:\/\/www.radioluna.it\/news\/wp-json\/wp\/v2\/comments?post=227845"}],"version-history":[{"count":0,"href":"https:\/\/www.radioluna.it\/news\/wp-json\/wp\/v2\/posts\/227845\/revisions"}],"wp:featuredmedia":[{"embeddable":true,"href":"https:\/\/www.radioluna.it\/news\/wp-json\/wp\/v2\/media\/227846"}],"wp:attachment":[{"href":"https:\/\/www.radioluna.it\/news\/wp-json\/wp\/v2\/media?parent=227845"}],"wp:term":[{"taxonomy":"category","embeddable":true,"href":"https:\/\/www.radioluna.it\/news\/wp-json\/wp\/v2\/categories?post=227845"},{"taxonomy":"post_tag","embeddable":true,"href":"https:\/\/www.radioluna.it\/news\/wp-json\/wp\/v2\/tags?post=227845"}],"curies":[{"name":"wp","href":"https:\/\/api.w.org\/{rel}","templated":true}]}}