{"id":228064,"date":"2018-08-10T08:47:36","date_gmt":"2018-08-10T06:47:36","guid":{"rendered":"https:\/\/www.radioluna.it\/news\/?p=228064"},"modified":"2018-08-10T12:37:52","modified_gmt":"2018-08-10T10:37:52","slug":"vaccini-a-latina-non-serve-lautocertificazione","status":"publish","type":"post","link":"https:\/\/www.radioluna.it\/news\/2018\/08\/vaccini-a-latina-non-serve-lautocertificazione\/","title":{"rendered":"Vaccini, a Latina non serve l&#8217;autocertificazione"},"content":{"rendered":"<div id=\"fb-root\"><\/div>\n<p style=\"text-align: justify;\"><strong>LATINA<\/strong> &#8211; Lo abbiamo gi\u00e0 utilizzato nell&#8217;anno scolastico terminato: un semplice click sul link che appare nella sezione Vaccini del sito della Asl Latina e si pu\u00f2 produrre la certificazione ufficiale dello stato vaccinale del proprio figlio per l&#8217;iscrizione a scuola. Lo ricorda l&#8217;Ordine dei Medici di Latina\u00a0 in questo periodo in cui l&#8217;argomento \u00e8 tornato di forte attualit\u00e0 a causa di scelte del Governo che vogliono ammansire i no-vax con l&#8217;autocertificazione, di fatto una strada per andare a scuola senza essere in regola.<\/p>\n<p style=\"text-align: justify;\">&#8220;In provincia di Latina\u00a0 \u00a0&#8211; dicono dall&#8217;Ordine dei Medici &#8211; non \u00e8 necessaria l\u2019autocertificazione poich\u00e9 si pu\u00f2 avere immediatamente l\u2019attestazione di regolarit\u00e0 per la frequenza scolastica. Il cittadino pu\u00f2 cio\u00e8 produrre (come molti hanno fatto lo scorso anno, <em>ndr)\u00a0<\/em>in autonomia\u00a0l\u2019attestato\u00a0relativo allo stato vaccinale dei figli su cui esercita la patria podest\u00e0, cliccando sul<a href=\"https:\/\/www.ausl.latina.it\/Vaccinazioni\/richiesta.jsf;jsessionid=28b90484160d578b165ddcc0e947\"> link<\/a> , e compilare cos\u00ec la domanda di richiesta del certificato inserendo i propri dati e quelli del proprio figlio. Il sistema informativo verificher\u00e0 la conformit\u00e0 dei dati inseriti con la banca dati ASL e produrr\u00e0 la certificazione sullo stato vaccinale. La scuola ne verificher\u00e0 l\u2019autenticit\u00e0 tramite lettura del QR code o mediante inserimento sul portale del codice fiscale del minore e di quello di autenticit\u00e0&#8221;.<\/p>\n<p style=\"text-align: justify;\">L&#8217;operazione \u00e8 talmente semplice per chiunque abbia una conoscenza anche basilare del pc, e la procedura \u00e8 anche accessibile da uno smart phone, che la questione dell&#8217;autocertificazione \u00e8 superata (ed equivarrebbe ad una dichiarazione di irregolarit\u00e0 vaccinale).\u00a0<a href=\"https:\/\/www.ausl.latina.it\/Vaccinazioni\/richiesta.jsf\">Link Attestato Vaccinale<\/a><\/p>\n<p style=\"text-align: justify;\">In caso di problemi tecnici di qualsiasi natura\u00a0 &#8211; rimarcano dall&#8217;Ordine dei Medici &#8211; come per esempio nel caso di\u00a0 calendario vaccinale non completo, errore e\/o incongruenza nei dati inseriti, errori nella formulazione della domanda, il\u00a0sistema informatizzato indirizza il cittadino all\u2019appuntamento con il Centro vaccinale\u00a0territorialmente competente, dopo aver richiesto all\u2019interessato i dati anagrafici, un numero di telefono cellulare e l\u2019indirizzo di residenza. Nel caso che l\u2019appuntamento sia per il completamento del calendario vaccinale il genitore dovr\u00e0 esplicitamente accettare di voler effettuare le vaccinazioni previste per il proprio figlio.<\/p>\n<p style=\"text-align: justify;\">Nella locandina della campagna VacciniAmo della Asl di Latina tutte le info utili e il calendario vaccinale:\u00a0<a href=\"https:\/\/www.radioluna.it\/news\/wp-content\/uploads\/2018\/08\/Vacciniamo-L.pdf\">Vacciniamo-L<\/a><\/p>\n<div class=\"radio-posizionamento-telefono-in-articoli-dopo-il-contenuto-articolo radio-entity-placement\" id=\"radio-473333782\"><div id=\"radio-1769236386\" style=\"width: 300px;height: 250px;\"><a href=\"https:\/\/www.icarspa.it\/auto\/usate\/latina\/\" aria-label=\"banner aprile icar new life &#8211; auto usate latina\"><img loading=\"lazy\" decoding=\"async\" src=\"https:\/\/www.radioluna.it\/news\/wp-content\/uploads\/2026\/02\/banner-aprile-icar-new-life-auto-usate-latina.gif\" alt=\"\"  width=\"300\" height=\"250\"   \/><\/a><\/div><\/div>","protected":false},"excerpt":{"rendered":"<p>LATINA &#8211; Lo abbiamo gi\u00e0 utilizzato nell&#8217;anno scolastico terminato: un semplice click sul link che appare nella sezione Vaccini del sito della Asl Latina e si pu\u00f2 produrre la certificazione ufficiale dello stato vaccinale del proprio figlio per l&#8217;iscrizione a scuola. Lo ricorda l&#8217;Ordine dei Medici di Latina\u00a0 in questo periodo in cui l&#8217;argomento \u00e8 [&hellip;]<\/p>\n","protected":false},"author":62,"featured_media":108393,"comment_status":"open","ping_status":"open","sticky":false,"template":"","format":"standard","meta":{"footnotes":""},"categories":[7],"tags":[],"class_list":["post-228064","post","type-post","status-publish","format-standard","has-post-thumbnail","hentry","category-cronaca"],"_links":{"self":[{"href":"https:\/\/www.radioluna.it\/news\/wp-json\/wp\/v2\/posts\/228064","targetHints":{"allow":["GET"]}}],"collection":[{"href":"https:\/\/www.radioluna.it\/news\/wp-json\/wp\/v2\/posts"}],"about":[{"href":"https:\/\/www.radioluna.it\/news\/wp-json\/wp\/v2\/types\/post"}],"author":[{"embeddable":true,"href":"https:\/\/www.radioluna.it\/news\/wp-json\/wp\/v2\/users\/62"}],"replies":[{"embeddable":true,"href":"https:\/\/www.radioluna.it\/news\/wp-json\/wp\/v2\/comments?post=228064"}],"version-history":[{"count":0,"href":"https:\/\/www.radioluna.it\/news\/wp-json\/wp\/v2\/posts\/228064\/revisions"}],"wp:featuredmedia":[{"embeddable":true,"href":"https:\/\/www.radioluna.it\/news\/wp-json\/wp\/v2\/media\/108393"}],"wp:attachment":[{"href":"https:\/\/www.radioluna.it\/news\/wp-json\/wp\/v2\/media?parent=228064"}],"wp:term":[{"taxonomy":"category","embeddable":true,"href":"https:\/\/www.radioluna.it\/news\/wp-json\/wp\/v2\/categories?post=228064"},{"taxonomy":"post_tag","embeddable":true,"href":"https:\/\/www.radioluna.it\/news\/wp-json\/wp\/v2\/tags?post=228064"}],"curies":[{"name":"wp","href":"https:\/\/api.w.org\/{rel}","templated":true}]}}