{"id":228623,"date":"2018-08-21T09:02:59","date_gmt":"2018-08-21T07:02:59","guid":{"rendered":"https:\/\/www.radioluna.it\/news\/?p=228623"},"modified":"2018-08-21T09:02:59","modified_gmt":"2018-08-21T07:02:59","slug":"nei-vicoli-di-maranola-con-seminaria-sogninterra","status":"publish","type":"post","link":"https:\/\/www.radioluna.it\/news\/2018\/08\/nei-vicoli-di-maranola-con-seminaria-sogninterra\/","title":{"rendered":"Nei vicoli di Maranola con Seminaria Sogninterra"},"content":{"rendered":"<div id=\"fb-root\"><\/div>\n<p style=\"text-align: justify;\"><strong>FORMIA &#8211;<\/strong>\u00a0Un chilometro da percorrere tra installazioni ambientali e videoproiezioni, \u00a0murales, sculture e opere interattive che esploreranno il tema \u201cLa memoria dell\u2019acqua\u201d. Cos\u00ec \u00a0vicoli,\u00a0 giardini,\u00a0 torri dell\u2019antico borgo di Maranola, affacciato sul golfo di Gaeta, torneranno ad ospitare nel fine settimana un gruppo di artisti chiamati a dialogare con il paese e i suoi abitanti attraverso progetti inediti e site-specific che invitano a riflettere sulla condivisione dell\u2019esperienza artistica che diventa pratica di comunit\u00e0, come volont\u00e0 di ripensare il territorio, dargli riconoscibilit\u00e0 e trasformare la tradizione in rigenerazione.<\/p>\n<p style=\"text-align: justify;\">&#8220;In uno dei territori pi\u00f9 colpiti dalla siccit\u00e0 nel 2017, parlare dell\u2019acqua\u00a0 &#8211; spiegano gli organizzatori della V\u00a0edizione il Festival Biennale di arte ambientale &#8211; \u00e8 un\u2019esigenza pratica, sociale, politica e simbolica&#8221;. Gli spunti saranno offerti dalle opere di\u00a0 Bernardo Vercelli dei Quiet Ensemble, Davide Dormino e Anna Frants, che tornano per la seconda volta a Maranola per approfondire il loro rapporto con il paese e fare da apripista ai nuovi artisti, tra cui Elena Gubanova, Ivan Govorkov, Licia Galizia, Luciano Sozio, Bifido, Claudia Colella, Alexey Grachev, Sergey Komarov e i compositori Michelangelo Lupone, Laura Bianchini. Tutto a cura di\u00a0Su questo tema, a cura di Isabella Indolfi.\u00a0Un particolare risalto quest\u2019anno \u00e8 dato a quelle forme di arte che utilizzano le nuove tecnologie, implementate grazie alla collaborazione con il Cyland Media Art Lab di San Pietroburgo, il Centro di Ricerche Musicali di Roma e Coesum (azienda italiana di design, ingegnerizzazione e prototipazione).<\/p>\n<p style=\"text-align: justify;\">&#8220;Ad incoraggiare l\u2019aspetto fluido e partecipativo di Seminaria &#8211; aggiungono da Seminaria &#8211;\u00a0 ci saranno due progetti che prendono forma attraverso chiamate pubbliche: \u201cInside Out project\u201d \u00e8 un\u2019azione collettiva inserita nel progetto globale di JR, vincitore del 2011 TED Prize, che invita gli abitanti di Maranola a condividere le loro storie e immagini con altre comunit\u00e0 di tutto il mondo; infine, \u201cArchitetture Precarie\u201d, con il patrocinio dell\u2019Ordine degli Architetti di Latina, realizzer\u00e0 un laboratorio formativo di autocostruzione rivolto a un gruppo di architetti e appassionati, per la creazione di una scultura luminosa in bamb\u00f9&#8221;.<\/p>\n<p style=\"text-align: justify;\">Partendo da un\u2019idea di Marianna Fazzi, nasce poi il progetto \u00a0LEDIFICIO, realizzato dal collettivo curatoriale ALAgroup e dall\u2019artista John Cascone. LEDIFICIO, oggi Centro di Documentazione e studi sulla Cultura Aurunca A. De Santis &#8211; Parco Regionale dei Monti Aurunci, \u00e8 una ex scuola posta nella parte pi\u00f9 alta del borgo medievale di Maranola. In questo contesto, fortemente votato al recupero della tradizione, verr\u00e0 realizzato Ledifico Infinito un\u2019opera in tre movimenti o giornate &#8211; Rievocare il futuro \/ Trasmettere \/ L\u2019impossibile. Ledificio infinito verr\u00e0 vissuto dagli abitanti di Maranola e dal pubblico di Seminaria come un cantiere informe, animato da lezioni, laboratori, performance in cui, facendo emergere alcune narrazioni provenienti sia dal passato come dal futuro, si cercher\u00e0, attraverso delle pratiche di riscrittura collettiva, di dar forma ad altre possibili, infinite e inattese realt\u00e0.<\/p>\n<p>&nbsp;<\/p>\n<p>&nbsp;<\/p>\n","protected":false},"excerpt":{"rendered":"<p>FORMIA &#8211;\u00a0Un chilometro da percorrere tra installazioni ambientali e videoproiezioni, \u00a0murales, sculture e opere interattive che esploreranno il tema \u201cLa memoria dell\u2019acqua\u201d. Cos\u00ec \u00a0vicoli,\u00a0 giardini,\u00a0 torri dell\u2019antico borgo di Maranola, affacciato sul golfo di Gaeta, torneranno ad ospitare nel fine settimana un gruppo di artisti chiamati a dialogare con il paese e i suoi abitanti [&hellip;]<\/p>\n","protected":false},"author":62,"featured_media":228624,"comment_status":"open","ping_status":"open","sticky":false,"template":"","format":"standard","meta":{"footnotes":""},"categories":[16],"tags":[],"class_list":["post-228623","post","type-post","status-publish","format-standard","has-post-thumbnail","hentry","category-appuntamenti"],"_links":{"self":[{"href":"https:\/\/www.radioluna.it\/news\/wp-json\/wp\/v2\/posts\/228623","targetHints":{"allow":["GET"]}}],"collection":[{"href":"https:\/\/www.radioluna.it\/news\/wp-json\/wp\/v2\/posts"}],"about":[{"href":"https:\/\/www.radioluna.it\/news\/wp-json\/wp\/v2\/types\/post"}],"author":[{"embeddable":true,"href":"https:\/\/www.radioluna.it\/news\/wp-json\/wp\/v2\/users\/62"}],"replies":[{"embeddable":true,"href":"https:\/\/www.radioluna.it\/news\/wp-json\/wp\/v2\/comments?post=228623"}],"version-history":[{"count":0,"href":"https:\/\/www.radioluna.it\/news\/wp-json\/wp\/v2\/posts\/228623\/revisions"}],"wp:featuredmedia":[{"embeddable":true,"href":"https:\/\/www.radioluna.it\/news\/wp-json\/wp\/v2\/media\/228624"}],"wp:attachment":[{"href":"https:\/\/www.radioluna.it\/news\/wp-json\/wp\/v2\/media?parent=228623"}],"wp:term":[{"taxonomy":"category","embeddable":true,"href":"https:\/\/www.radioluna.it\/news\/wp-json\/wp\/v2\/categories?post=228623"},{"taxonomy":"post_tag","embeddable":true,"href":"https:\/\/www.radioluna.it\/news\/wp-json\/wp\/v2\/tags?post=228623"}],"curies":[{"name":"wp","href":"https:\/\/api.w.org\/{rel}","templated":true}]}}