{"id":228777,"date":"2018-08-23T19:17:17","date_gmt":"2018-08-23T17:17:17","guid":{"rendered":"https:\/\/www.radioluna.it\/news\/?p=228777"},"modified":"2018-08-23T19:17:17","modified_gmt":"2018-08-23T17:17:17","slug":"tiro-al-bersaglio-al-bracciante-il-sindaco-procaccini-quei-ragazzi-dovrebbero-lavorare-nei-campi","status":"publish","type":"post","link":"https:\/\/www.radioluna.it\/news\/2018\/08\/tiro-al-bersaglio-al-bracciante-il-sindaco-procaccini-quei-ragazzi-dovrebbero-lavorare-nei-campi\/","title":{"rendered":"Tiro al bersaglio al bracciante, il sindaco Procaccini: &#8220;Quei ragazzi dovrebbero lavorare nei campi&#8221;"},"content":{"rendered":"<div id=\"fb-root\"><\/div>\n<p style=\"text-align: justify;\"><strong>TERRACINA<\/strong> &#8211; &#8220;Andrebbero mandati a lavorare nei campi per fargli comprendere quanto grande sia il sacrificio di chi svolge un\u2019attivit\u00e0 del genere&#8221;. Il sindaco di Terracina Nicola Procaccini che aveva espresso subito la sua solidariet\u00e0 al bracciante agricolo indiano ferito domenica sera mentre era in bicicletta dopo una giornata di lavoro, condanna fermamente il gesto compiuto da alcuni suoi giovanissimi concittadini che devono rispondere dei reati di lesioni, esplosioni pericolose in luogo pubblico e porto di arma atta ad offendere.<\/p>\n<p style=\"text-align: justify;\">&#8220;Desidero esprimere grande apprezzamento e ringrazio il capitano Anzini e i carabinieri di Terracina per aver saputo dare un nome ai vigliacchi che si sono divertiti a fare il tiro al bersaglio con un lavoratore indiano. A prescindere dalle motivazioni del gesto, che forse verranno chiarite nelle prossime ore, non posso non sottolineare l\u2019abisso di dignit\u00e0 che esiste tra un lavoratore che di domenica sera torna in bicicletta dai campi dove ha faticato tutto il giorno e questi quattro ragazzetti annoiati che si divertono a sparargli contro dei piombini. Magari sono proprio tra quelli che si lamentano perch\u00e9 non c\u2019\u00e8 lavoro e scaricano le responsabilit\u00e0 di ogni cosa su tutti tranne che su loro stessi.\u00a0 Terracina rimane una citt\u00e0 accogliente che esige legalit\u00e0 e rispetto reciproco e che non cede a tentazioni di scadimento della civilt\u00e0 provocate da atteggiamenti di bullismo, da qualunque parte provengano\u201d.<\/p>\n","protected":false},"excerpt":{"rendered":"<p>TERRACINA &#8211; &#8220;Andrebbero mandati a lavorare nei campi per fargli comprendere quanto grande sia il sacrificio di chi svolge un\u2019attivit\u00e0 del genere&#8221;. Il sindaco di Terracina Nicola Procaccini che aveva espresso subito la sua solidariet\u00e0 al bracciante agricolo indiano ferito domenica sera mentre era in bicicletta dopo una giornata di lavoro, condanna fermamente il gesto [&hellip;]<\/p>\n","protected":false},"author":62,"featured_media":228778,"comment_status":"open","ping_status":"open","sticky":false,"template":"","format":"standard","meta":{"footnotes":""},"categories":[7],"tags":[],"class_list":["post-228777","post","type-post","status-publish","format-standard","has-post-thumbnail","hentry","category-cronaca"],"_links":{"self":[{"href":"https:\/\/www.radioluna.it\/news\/wp-json\/wp\/v2\/posts\/228777","targetHints":{"allow":["GET"]}}],"collection":[{"href":"https:\/\/www.radioluna.it\/news\/wp-json\/wp\/v2\/posts"}],"about":[{"href":"https:\/\/www.radioluna.it\/news\/wp-json\/wp\/v2\/types\/post"}],"author":[{"embeddable":true,"href":"https:\/\/www.radioluna.it\/news\/wp-json\/wp\/v2\/users\/62"}],"replies":[{"embeddable":true,"href":"https:\/\/www.radioluna.it\/news\/wp-json\/wp\/v2\/comments?post=228777"}],"version-history":[{"count":0,"href":"https:\/\/www.radioluna.it\/news\/wp-json\/wp\/v2\/posts\/228777\/revisions"}],"wp:featuredmedia":[{"embeddable":true,"href":"https:\/\/www.radioluna.it\/news\/wp-json\/wp\/v2\/media\/228778"}],"wp:attachment":[{"href":"https:\/\/www.radioluna.it\/news\/wp-json\/wp\/v2\/media?parent=228777"}],"wp:term":[{"taxonomy":"category","embeddable":true,"href":"https:\/\/www.radioluna.it\/news\/wp-json\/wp\/v2\/categories?post=228777"},{"taxonomy":"post_tag","embeddable":true,"href":"https:\/\/www.radioluna.it\/news\/wp-json\/wp\/v2\/tags?post=228777"}],"curies":[{"name":"wp","href":"https:\/\/api.w.org\/{rel}","templated":true}]}}