{"id":229171,"date":"2018-08-31T10:27:28","date_gmt":"2018-08-31T08:27:28","guid":{"rendered":"https:\/\/www.radioluna.it\/news\/?p=229171"},"modified":"2018-08-31T13:39:02","modified_gmt":"2018-08-31T11:39:02","slug":"il-giardino-di-ninfa-tra-i-finalisti-delleuropean-garden-award-2018-2019","status":"publish","type":"post","link":"https:\/\/www.radioluna.it\/news\/2018\/08\/il-giardino-di-ninfa-tra-i-finalisti-delleuropean-garden-award-2018-2019\/","title":{"rendered":"Il Giardino di Ninfa tra i finalisti dell&#8217;European Garden Award 2018\/2019"},"content":{"rendered":"<div id=\"fb-root\"><\/div>\n<p style=\"text-align: justify;\"><strong>LATINA<\/strong> &#8211;\u00a0Il Giardino di Ninfa \u00e8 tra i tre finalisti dell&#8217;European Garden Award 2018-2019e rappresenter\u00e0 di fatto l&#8217;Italia (insieme ai Kew Gardens e Wakehurst Place del Regno Unito e al Tirsb\u00e6k Manor in Danimarca) per la categoria \u201cL&#8217;eredit\u00e0 europea dei giardini e del giardinaggio\u201d, categoria di nuova istituzione. Il presidente della Fondazione Roffredo Caetani, Tommaso Agnoni, e il direttore del giardino, Lauro Marchetti,\u00a0 il prossimo 7 settembre saranno a Nordkirchen in Germania per la nomina dei vincitori e la relativa premiazione. Il Giardino di Ninfa \u00e8 fra i tre finalisti.<\/p>\n<p style=\"text-align: justify;\"><strong>UNA CULTURA CHE PARLA DI EUROPA<\/strong> &#8211; \u201cIl Giardino di Ninfa \u00e8 ormai una attrazione mondiale e un punto di riferimento in tutta Europa\u201d, sottolinea il presidente della Fondazione Caetani, l&#8217;architetto Tommaso Agnoni. \u201cIl sogno della Famiglia Caetani, la loro storia che \u00e8 anche la storia di un intero territorio e di un pezzo di Italia, continua a vivere grazie al lavoro della Fondazione e delle tante persone che operano ogni giorno per conservare Ninfa cos\u00ec come ci \u00e8 stata lasciata e cos\u00ec come \u00e8 stata concepita: un luogo dell&#8217;anima dove natura e storia convivono in perfetta armonia. E&#8217; a queste persone &#8211; afferma ancora Agnoni &#8211; che va il mio personale ringraziamento ed \u00e8 per noi motivo di orgoglio che Ninfa sia in gara per la sezione L&#8217;eredit\u00e0 europea dei giardini e del giardinaggio, perch\u00e9 il messaggio che arriva da questa splendida oasi ha un&#8217;eco profonda nel tempo che attraverso i Caetani, la loro cultura parla proprio di Europa, di integrazione, di cultura\u201d.<\/p>\n<p style=\"text-align: justify;\"><strong>IL SINDACO AUGURA IL PRIMATO<\/strong> &#8211; \u201cIl bellissimo Giardino di Ninfa e lo straordinario impegno di chi negli anni e a tutt\u2019oggi tutela e rende unico e magnifico questo lembo di territorio cisternese \u2013 afferma il Sindaco Mauro Carturan \u2013 \u00e8 motivo di profondo orgoglio e vanto. Grazie ai Caetani prima e alla Fondazione oggi \u00e8 stato possibile questo miracolo dove il discreto ma competente intervento dell\u2019uomo esalta, senza recarne disturbo, il fascino e la perenne sorpresa della natura. Alla bellezza che forse qualche altro nel mondo \u00e8 in grado di offrire, il Giardino di Ninfa si arricchisce del valore storico-archeologico dell\u2019antica citt\u00e0 scomparsa rendendola unica per fascino, cura e conservazione. Questo riconoscimento, senza peccare di presunzione o vanagloria, ritengo sia pienamente meritato e mi auguro che il prossimo 7 settembre sia coronato dall\u2019assoluto primato&#8221;.<\/p>\n<p style=\"text-align: justify;\">Il prestigioso riconoscimento diventato parte importante del lavoro dell&#8217;European Garden Heritage Network, fondato nel 2003 con l&#8217;obiettivo di sensibilizzare l&#8217;opinione pubblica al patrimonio europeo dei giardini e al giardinaggio contemporaneo e promuovere la cooperazione internazionale. In tutto sono 190 i parchi e i giardini in 14 Paesi che hanno aderito alla rete come partner per sostenere proprio questi obiettivi.<\/p>\n","protected":false},"excerpt":{"rendered":"<p>LATINA &#8211;\u00a0Il Giardino di Ninfa \u00e8 tra i tre finalisti dell&#8217;European Garden Award 2018-2019e rappresenter\u00e0 di fatto l&#8217;Italia (insieme ai Kew Gardens e Wakehurst Place del Regno Unito e al Tirsb\u00e6k Manor in Danimarca) per la categoria \u201cL&#8217;eredit\u00e0 europea dei giardini e del giardinaggio\u201d, categoria di nuova istituzione. Il presidente della Fondazione Roffredo Caetani, Tommaso [&hellip;]<\/p>\n","protected":false},"author":62,"featured_media":219947,"comment_status":"open","ping_status":"open","sticky":false,"template":"","format":"standard","meta":{"footnotes":""},"categories":[12],"tags":[],"class_list":["post-229171","post","type-post","status-publish","format-standard","has-post-thumbnail","hentry","category-ambiente"],"_links":{"self":[{"href":"https:\/\/www.radioluna.it\/news\/wp-json\/wp\/v2\/posts\/229171","targetHints":{"allow":["GET"]}}],"collection":[{"href":"https:\/\/www.radioluna.it\/news\/wp-json\/wp\/v2\/posts"}],"about":[{"href":"https:\/\/www.radioluna.it\/news\/wp-json\/wp\/v2\/types\/post"}],"author":[{"embeddable":true,"href":"https:\/\/www.radioluna.it\/news\/wp-json\/wp\/v2\/users\/62"}],"replies":[{"embeddable":true,"href":"https:\/\/www.radioluna.it\/news\/wp-json\/wp\/v2\/comments?post=229171"}],"version-history":[{"count":0,"href":"https:\/\/www.radioluna.it\/news\/wp-json\/wp\/v2\/posts\/229171\/revisions"}],"wp:featuredmedia":[{"embeddable":true,"href":"https:\/\/www.radioluna.it\/news\/wp-json\/wp\/v2\/media\/219947"}],"wp:attachment":[{"href":"https:\/\/www.radioluna.it\/news\/wp-json\/wp\/v2\/media?parent=229171"}],"wp:term":[{"taxonomy":"category","embeddable":true,"href":"https:\/\/www.radioluna.it\/news\/wp-json\/wp\/v2\/categories?post=229171"},{"taxonomy":"post_tag","embeddable":true,"href":"https:\/\/www.radioluna.it\/news\/wp-json\/wp\/v2\/tags?post=229171"}],"curies":[{"name":"wp","href":"https:\/\/api.w.org\/{rel}","templated":true}]}}