{"id":229207,"date":"2018-08-31T14:09:05","date_gmt":"2018-08-31T12:09:05","guid":{"rendered":"https:\/\/www.radioluna.it\/news\/?p=229207"},"modified":"2018-08-31T14:14:13","modified_gmt":"2018-08-31T12:14:13","slug":"e-silvio-ascoli-il-nuovo-direttore-generale-di-abc","status":"publish","type":"post","link":"https:\/\/www.radioluna.it\/news\/2018\/08\/e-silvio-ascoli-il-nuovo-direttore-generale-di-abc\/","title":{"rendered":"E&#8217; Silvio Ascoli il nuovo direttore generale di Abc"},"content":{"rendered":"<div id=\"fb-root\"><\/div>\n<p style=\"text-align: justify;\"><strong>LATINA<\/strong> &#8211; E&#8217; Silvio Ascoli il nuovo direttore generale di Abc dopo le dimissioni di Michele Bernardini che ha vinto un concorso a Tivoli, citt\u00e0 di residenza della famiglia. Per la scelta del successore i vertici di Abc non hanno fatto null&#8217;altro che rispolverare la graduatoria pubblicata dopo i colloqui per la selezione del direttore generale, scorrerla e chiamare: prima, Raphael Rossi, attuale direttore di Formia Rifiuti Zero, che non ha dato la sua piena disponibilit\u00e0 non volendo lasciare il gioiellino che guida; poi, Silvio Ascoli, terzo in graduatoria, che ha accettato. <a href=\"http:\/\/www.finaleambiente.it\/download\/curriculum-vitae-ing-silvio-ascoli\/\">Il neo Dg<\/a> in forze alla Finale Ambiente (di Finale Ligure) far\u00e0 gli scatoloni e sar\u00e0 a Latina per met\u00e0 settembre dove si trover\u00e0 a gestire un&#8217;azienda operativa da 8 mesi. &#8220;L&#8217;unica partecipata del Comune di Latina operativa, che svolge un servizio e che non rappresenta un peso per le casse del Comune&#8221;, hanno sottolineato gli assessori alle societ\u00e0 partecipate e al bilancio Giulia Capr\u00ec e Gianmarco Proietti.<\/p>\n<p style=\"text-align: justify;\">Non \u00e8 convinta per\u00f2 che la procedura seguita per la scelta del nuovo direttore sia quella corretta, la consigliera di opposizione Nicoletta Zuliani: &#8220;Innanzitutto nel Bando non viene indicata la possibilit\u00e0 di una ulteriore utilizzazione dell&#8217;elenco degli ammessi al colloquio. Viene di fatto stilata una graduatoria in base al punteggio totalizzato alla luce dei requisiti e esito del colloquio. Quindi la graduatoria c&#8217;\u00e8 ma, mi chiedo, pu\u00f2 essere utilizzata?<br \/>\nIl problema \u00e8 tutto qui: siamo in presenza di fatto di una lista con punteggi decrescenti, ma non trovandoci di fronte ad un &#8220;concorso&#8221; come si giustifica lo scorrimento della &#8220;graduatoria&#8221;?&#8221;<br \/>\nPer Zuliani sbagliato anche l&#8217;ottimismo verso il futuro mostrato dal Presidente Demetrio De Stefano: &#8220;Ci vogliono verit\u00e0 e certezze soprattutto sostenute da carte e numeri. Se vogliamo che l&#8217;Azienda Speciale funzioni e la citt\u00e0 ne possa beneficiare, allora dobbiamo creare una vera alleanza tra Consiglio Comunale, Giunta e ABC sulla base di una reale trasparenza di tutti gli atti, sulla circolazione delle informazioni, condivisione delle scelte e conoscenza degli incidenti di percorso.\u00a0 Alleanza che presuppone il riconoscimento del valore di chi deve controllare&#8221;.<\/p>\n<div class=\"radio-posizionamento-telefono-in-articoli-dopo-il-contenuto-articolo radio-entity-placement\" id=\"radio-724475423\"><div id=\"radio-2629380983\"><a href=\"https:\/\/grupporedi.it\/\" aria-label=\"Redi-Qr\"><img loading=\"lazy\" decoding=\"async\" src=\"https:\/\/www.radioluna.it\/news\/wp-content\/uploads\/2026\/03\/Redi-Qr.jpg\" alt=\"\"  srcset=\"https:\/\/www.radioluna.it\/news\/wp-content\/uploads\/2026\/03\/Redi-Qr.jpg 800w, https:\/\/www.radioluna.it\/news\/wp-content\/uploads\/2026\/03\/Redi-Qr-768x639.jpg 768w\" sizes=\"(max-width: 800px) 100vw, 800px\" width=\"300\" height=\"250\"   \/><\/a><\/div><\/div>","protected":false},"excerpt":{"rendered":"<p>LATINA &#8211; E&#8217; Silvio Ascoli il nuovo direttore generale di Abc dopo le dimissioni di Michele Bernardini che ha vinto un concorso a Tivoli, citt\u00e0 di residenza della famiglia. Per la scelta del successore i vertici di Abc non hanno fatto null&#8217;altro che rispolverare la graduatoria pubblicata dopo i colloqui per la selezione del direttore [&hellip;]<\/p>\n","protected":false},"author":62,"featured_media":229210,"comment_status":"open","ping_status":"open","sticky":false,"template":"","format":"standard","meta":{"footnotes":""},"categories":[8],"tags":[],"class_list":["post-229207","post","type-post","status-publish","format-standard","has-post-thumbnail","hentry","category-politica"],"_links":{"self":[{"href":"https:\/\/www.radioluna.it\/news\/wp-json\/wp\/v2\/posts\/229207","targetHints":{"allow":["GET"]}}],"collection":[{"href":"https:\/\/www.radioluna.it\/news\/wp-json\/wp\/v2\/posts"}],"about":[{"href":"https:\/\/www.radioluna.it\/news\/wp-json\/wp\/v2\/types\/post"}],"author":[{"embeddable":true,"href":"https:\/\/www.radioluna.it\/news\/wp-json\/wp\/v2\/users\/62"}],"replies":[{"embeddable":true,"href":"https:\/\/www.radioluna.it\/news\/wp-json\/wp\/v2\/comments?post=229207"}],"version-history":[{"count":0,"href":"https:\/\/www.radioluna.it\/news\/wp-json\/wp\/v2\/posts\/229207\/revisions"}],"wp:featuredmedia":[{"embeddable":true,"href":"https:\/\/www.radioluna.it\/news\/wp-json\/wp\/v2\/media\/229210"}],"wp:attachment":[{"href":"https:\/\/www.radioluna.it\/news\/wp-json\/wp\/v2\/media?parent=229207"}],"wp:term":[{"taxonomy":"category","embeddable":true,"href":"https:\/\/www.radioluna.it\/news\/wp-json\/wp\/v2\/categories?post=229207"},{"taxonomy":"post_tag","embeddable":true,"href":"https:\/\/www.radioluna.it\/news\/wp-json\/wp\/v2\/tags?post=229207"}],"curies":[{"name":"wp","href":"https:\/\/api.w.org\/{rel}","templated":true}]}}