{"id":229452,"date":"2018-09-05T11:09:12","date_gmt":"2018-09-05T09:09:12","guid":{"rendered":"https:\/\/www.radioluna.it\/news\/?p=229452"},"modified":"2018-09-05T11:09:12","modified_gmt":"2018-09-05T09:09:12","slug":"visioni-corte-da-gaeta-al-festival-di-venezia","status":"publish","type":"post","link":"https:\/\/www.radioluna.it\/news\/2018\/09\/visioni-corte-da-gaeta-al-festival-di-venezia\/","title":{"rendered":"Visioni corte, da Gaeta al Festival di Venezia"},"content":{"rendered":"<div id=\"fb-root\"><\/div>\n<p style=\"text-align: justify;\"><strong>LATINA<\/strong> &#8211;\u00a0Visioni Corte International Short Film Festival\u00a0approda al\u00a0Lido di Venezia. La manifestazione nata nel 2012 a Gaeta, organizzata dall\u2019Associazione Culturale \u201cIl Sogno di Ulisse\u201d, sar\u00e0 presente alla 75^ edizione della\u00a0Mostra Internazionale d&#8217;Arte Cinematografica\u00a0il prossimo 6 settembre nell\u2019ambito del\u00a023\u00b0 Forum Fedic \u201cIl futuro del corto d\u2019autore \u2013 Il cinema e i giovani\u201d,\u00a0a cura del critico cinematografico\u00a0Paolo Micalizzi\u00a0e della\u00a0Fedic \u2013 Federazione Italiana dei Cineclub, presso l\u2019Hotel Excelsior. Nel corso dell\u2019evento il\u00a0direttore artistico Gisella Calabrese\u00a0parler\u00e0 dei sei anni di attivit\u00e0 del festival e presenter\u00e0 la VII edizione, che si svolger\u00e0 a Gaeta dal 15 al 20 ottobre 2018 presso il Cinema Teatro Ariston.<\/p>\n<p style=\"text-align: justify;\">\u201cSi tratta per noi \u2013 dichiara Gisella Calabrese \u2013 di una grande opportunit\u00e0 poterci confrontare con esperti del settore e raccontare il lavoro svolto dal nostro festival in questi anni per valorizzare la forma d\u2019arte del cortometraggio e al tempo stesso far circolare opere cinematografiche che altrimenti non avrebbero altra distribuzione. Farlo nel \u2018cuore\u2019 della Mostra del Cinema di Venezia \u00e8 poi davvero un\u2019emozione indescrivibile\u201d.<\/p>\n<p style=\"text-align: justify;\">Visioni Corte International Short Film Festival (con 62 corti finalisti alla VII edizione arrivati da 22 Paesi del mondo) \u00e8 stato scelto dal\u00a0Mibact\u00a0tra le manifestazioni per rappresentare l\u2019Italia nell\u2019Anno Europeo del Patrimonio Culturale 2018. Gode dell\u2019Alto Patrocinio del Parlamento Europeo, del patrocinio dell\u2019ENIT \u2013 Agenzia Nazionale del Turismo\u00a0ed \u00e8 stato insignito della\u00a0Medaglia del Presidente della Repubblica.<\/p>\n<p>&nbsp;<\/p>\n<div class=\"radio-posizionamento-telefono-in-articoli-dopo-il-contenuto-articolo radio-entity-placement\" id=\"radio-1532009886\"><div id=\"radio-4083131757\"><a href=\"https:\/\/grupporedi.it\/\" aria-label=\"Redi-Qr\"><img loading=\"lazy\" decoding=\"async\" src=\"https:\/\/www.radioluna.it\/news\/wp-content\/uploads\/2026\/03\/Redi-Qr.jpg\" alt=\"\"  srcset=\"https:\/\/www.radioluna.it\/news\/wp-content\/uploads\/2026\/03\/Redi-Qr.jpg 800w, https:\/\/www.radioluna.it\/news\/wp-content\/uploads\/2026\/03\/Redi-Qr-768x639.jpg 768w\" sizes=\"(max-width: 800px) 100vw, 800px\" width=\"300\" height=\"250\"   \/><\/a><\/div><\/div>","protected":false},"excerpt":{"rendered":"<p>LATINA &#8211;\u00a0Visioni Corte International Short Film Festival\u00a0approda al\u00a0Lido di Venezia. La manifestazione nata nel 2012 a Gaeta, organizzata dall\u2019Associazione Culturale \u201cIl Sogno di Ulisse\u201d, sar\u00e0 presente alla 75^ edizione della\u00a0Mostra Internazionale d&#8217;Arte Cinematografica\u00a0il prossimo 6 settembre nell\u2019ambito del\u00a023\u00b0 Forum Fedic \u201cIl futuro del corto d\u2019autore \u2013 Il cinema e i giovani\u201d,\u00a0a cura del critico cinematografico\u00a0Paolo [&hellip;]<\/p>\n","protected":false},"author":60,"featured_media":229453,"comment_status":"open","ping_status":"open","sticky":false,"template":"","format":"standard","meta":{"footnotes":""},"categories":[16],"tags":[],"class_list":["post-229452","post","type-post","status-publish","format-standard","has-post-thumbnail","hentry","category-appuntamenti"],"_links":{"self":[{"href":"https:\/\/www.radioluna.it\/news\/wp-json\/wp\/v2\/posts\/229452","targetHints":{"allow":["GET"]}}],"collection":[{"href":"https:\/\/www.radioluna.it\/news\/wp-json\/wp\/v2\/posts"}],"about":[{"href":"https:\/\/www.radioluna.it\/news\/wp-json\/wp\/v2\/types\/post"}],"author":[{"embeddable":true,"href":"https:\/\/www.radioluna.it\/news\/wp-json\/wp\/v2\/users\/60"}],"replies":[{"embeddable":true,"href":"https:\/\/www.radioluna.it\/news\/wp-json\/wp\/v2\/comments?post=229452"}],"version-history":[{"count":0,"href":"https:\/\/www.radioluna.it\/news\/wp-json\/wp\/v2\/posts\/229452\/revisions"}],"wp:featuredmedia":[{"embeddable":true,"href":"https:\/\/www.radioluna.it\/news\/wp-json\/wp\/v2\/media\/229453"}],"wp:attachment":[{"href":"https:\/\/www.radioluna.it\/news\/wp-json\/wp\/v2\/media?parent=229452"}],"wp:term":[{"taxonomy":"category","embeddable":true,"href":"https:\/\/www.radioluna.it\/news\/wp-json\/wp\/v2\/categories?post=229452"},{"taxonomy":"post_tag","embeddable":true,"href":"https:\/\/www.radioluna.it\/news\/wp-json\/wp\/v2\/tags?post=229452"}],"curies":[{"name":"wp","href":"https:\/\/api.w.org\/{rel}","templated":true}]}}