{"id":229496,"date":"2018-09-06T07:05:58","date_gmt":"2018-09-06T05:05:58","guid":{"rendered":"https:\/\/www.radioluna.it\/news\/?p=229496"},"modified":"2018-09-06T07:05:58","modified_gmt":"2018-09-06T05:05:58","slug":"lodi-addio-allo-storico-ottico-di-latina","status":"publish","type":"post","link":"https:\/\/www.radioluna.it\/news\/2018\/09\/lodi-addio-allo-storico-ottico-di-latina\/","title":{"rendered":"Lodi, addio allo storico ottico di Latina"},"content":{"rendered":"<div id=\"fb-root\"><\/div>\n<p style=\"text-align: justify;\"><strong>LATINA<\/strong> &#8211; Si \u00e8 spento nei giorni scorsi Ettore Lodi storico ottico di Latina titolare dell&#8217;omonima attivit\u00e0. La sua scomparsa \u00e8 avvenuta pochi giorni prima di un altro commerciante decano, Alfonso Farina. Li ricorda entrambi in una nota il Sindaco Damiano Coletta.<\/p>\n<p style=\"text-align: justify;\">\u00abDue commercianti\u00a0 che con la loro passione, le loro intuizioni, il sacrificio quotidiano nel lavoro hanno saputo dare spessore e continuit\u00e0 alle proprie attivit\u00e0 divenendo un punto di riferimento per Latina. Due esempi per chi oggi affronta le difficolt\u00e0 e le sfide della piccola imprenditoria\u00bb.<\/p>\n<div class=\"radio-posizionamento-telefono-in-articoli-dopo-il-contenuto-articolo radio-entity-placement\" id=\"radio-3305467701\"><div id=\"radio-3888532942\"><a href=\"https:\/\/grupporedi.it\/\" aria-label=\"Redi-Qr\"><img loading=\"lazy\" decoding=\"async\" src=\"https:\/\/www.radioluna.it\/news\/wp-content\/uploads\/2026\/03\/Redi-Qr.jpg\" alt=\"\"  srcset=\"https:\/\/www.radioluna.it\/news\/wp-content\/uploads\/2026\/03\/Redi-Qr.jpg 800w, https:\/\/www.radioluna.it\/news\/wp-content\/uploads\/2026\/03\/Redi-Qr-768x639.jpg 768w\" sizes=\"(max-width: 800px) 100vw, 800px\" width=\"300\" height=\"250\"   \/><\/a><\/div><\/div>","protected":false},"excerpt":{"rendered":"<p>LATINA &#8211; Si \u00e8 spento nei giorni scorsi Ettore Lodi storico ottico di Latina titolare dell&#8217;omonima attivit\u00e0. La sua scomparsa \u00e8 avvenuta pochi giorni prima di un altro commerciante decano, Alfonso Farina. Li ricorda entrambi in una nota il Sindaco Damiano Coletta. \u00abDue commercianti\u00a0 che con la loro passione, le loro intuizioni, il sacrificio quotidiano [&hellip;]<\/p>\n","protected":false},"author":60,"featured_media":229497,"comment_status":"open","ping_status":"open","sticky":false,"template":"","format":"standard","meta":{"footnotes":""},"categories":[7],"tags":[],"class_list":["post-229496","post","type-post","status-publish","format-standard","has-post-thumbnail","hentry","category-cronaca"],"_links":{"self":[{"href":"https:\/\/www.radioluna.it\/news\/wp-json\/wp\/v2\/posts\/229496","targetHints":{"allow":["GET"]}}],"collection":[{"href":"https:\/\/www.radioluna.it\/news\/wp-json\/wp\/v2\/posts"}],"about":[{"href":"https:\/\/www.radioluna.it\/news\/wp-json\/wp\/v2\/types\/post"}],"author":[{"embeddable":true,"href":"https:\/\/www.radioluna.it\/news\/wp-json\/wp\/v2\/users\/60"}],"replies":[{"embeddable":true,"href":"https:\/\/www.radioluna.it\/news\/wp-json\/wp\/v2\/comments?post=229496"}],"version-history":[{"count":0,"href":"https:\/\/www.radioluna.it\/news\/wp-json\/wp\/v2\/posts\/229496\/revisions"}],"wp:featuredmedia":[{"embeddable":true,"href":"https:\/\/www.radioluna.it\/news\/wp-json\/wp\/v2\/media\/229497"}],"wp:attachment":[{"href":"https:\/\/www.radioluna.it\/news\/wp-json\/wp\/v2\/media?parent=229496"}],"wp:term":[{"taxonomy":"category","embeddable":true,"href":"https:\/\/www.radioluna.it\/news\/wp-json\/wp\/v2\/categories?post=229496"},{"taxonomy":"post_tag","embeddable":true,"href":"https:\/\/www.radioluna.it\/news\/wp-json\/wp\/v2\/tags?post=229496"}],"curies":[{"name":"wp","href":"https:\/\/api.w.org\/{rel}","templated":true}]}}