{"id":229629,"date":"2018-09-07T12:19:41","date_gmt":"2018-09-07T10:19:41","guid":{"rendered":"https:\/\/www.radioluna.it\/news\/?p=229629"},"modified":"2018-09-07T12:19:41","modified_gmt":"2018-09-07T10:19:41","slug":"a-cinecitta-world-in-mostra-mezzi-e-tecnologie-della-polizia-di-stato","status":"publish","type":"post","link":"https:\/\/www.radioluna.it\/news\/2018\/09\/a-cinecitta-world-in-mostra-mezzi-e-tecnologie-della-polizia-di-stato\/","title":{"rendered":"A Cinecitt\u00e0 World in mostra mezzi e tecnologie della Polizia di Stato"},"content":{"rendered":"<div id=\"fb-root\"><\/div>\n<p style=\"text-align: justify;\"><strong>POMEZIA<\/strong> &#8211;\u00a0 Da oggi a domenica e poi la prossima settimana il 15 e 16 settembre il parco divertimenti del Cinema e della TV Cinecitt\u00e0 World a Castel Romano ospiter\u00e0 la manifestazione interforze Viva l\u2019Italia alla quale partecipano la Polizia di Stato, lo Stato Maggiore della Difesa, la Croce Rossa e l&#8217; Ordine di Malta.<br \/>\nAlla polizia \u00e8 stata riservata una delle sei aree a tema del parco, dove i visitatori troveranno un\u2019esposizione di autovetture di ultima generazione (la Lamborghini Huracan; le moto Bmw della Stradale; la Jeep Renegade del Reparto Prevenzione Crimine con a bordo il sistema Mercurio), ma anche i veicoli storici pi\u00f9 significativi degli ultimi decenni. Ci sar\u00e0 anche uno spazio espositivo per la polizia Scientifica <em>(in foto)<\/em> con il Moving Lab e Full Back, mezzi speciali con le pi\u00f9 recenti tecnologie in uso. Allo stand\u00a0verr\u00e0 presentata la nuova applicazione della Polizia di Stato YOUPOL dedicata ai ragazzi per contrastare il fenomeno del bullismo e dello spaccio di sostanze stupefacenti.<\/p>\n<p style=\"text-align: justify;\"><b>CINOFILI E FANFARA\u00a0 CAVALLO &#8211;\u00a0<\/b>Venerd\u00ec 7 settembre alle 16 ci sar\u00e0 l&#8217;esibizione delle unit\u00e0 cinofile mentre\u00a0abato 8 settembre alle 18 si terr\u00e0 il concerto della Fanfara a cavallo della Polizia di Stato.<\/p>\n<p style=\"text-align: justify;\"><strong>LA RACCOLTA BENEFICA<\/strong> &#8211; Quest\u2019anno, per la terza edizione della manifestazione, sar\u00e0 devoluto un euro per ogni biglietto speciale legato all\u2019evento, a Trenta Ore per la Vita, con Testimonial Lorella Cuccarini. Con i fondi raccolti si contribuir\u00e0 a finanziare i lavori di ristrutturazione di una seconda Casa Famiglia a Pescara gestita dall\u2019Associazione AGBE Onlus (Associazione Genitori Bambini Emopatici), che andr\u00e0 ad ampliare la capacit\u00e0 ricettiva della Casa Famiglia Trenta Ore per la Vita realizzata nel 2009, per rispondere alla crescente domanda delle famiglie in cura presso il l\u2019Ospedale Santo Spirito di Pescaragratuitamente, un luogo amico per garantire ai bambini e alle loro famiglie, accoglienza gratuita, sostegno psicologico e tutto il materiale necessario durante l\u2019intero periodo delle cure.<\/p>\n<p style=\"text-align: justify;\"><strong>LO SCONTO SPECIALE<\/strong> &#8211; Nei giorni della manifestazione la direzione del parco permetter\u00e0 l\u2019ingresso per tutti i dipendenti Interforze, familiari e amici uno speciale biglietto d\u2019ingresso a \u20ac10 anzich\u00e9 \u20ac24.<\/p>\n<p style=\"text-align: justify;\"><strong>COME ACQUISTARE I BIGLIETTI\u00a0<\/strong> &#8211; La modalit\u00e0 d\u2019acquisto \u00e8 semplice: acquisto on line, per evitare la fila alle casse, \u00e8 possibile acquistare il biglietto per una delle date indicate, andando sulla pagina:<br \/>\nhttps:\/\/www.cinecittaworld.it\/Vendita\/Biglietti-e-prezzi e inserire il codice promo: WITALIAPS<br \/>\nAcquisto in cassa con presentazione tesserino o a presentazione locandina dell\u2019evento (stampare 1 locandina per ogni biglietto da acquistare). In caso non fosse possibile la stampa sar\u00e0 sufficiente far visionare alle casse la comunicazione su tablet o cellulare.<\/p>\n<div class=\"radio-posizionamento-telefono-in-articoli-dopo-il-contenuto-articolo radio-entity-placement\" id=\"radio-3180241551\"><div id=\"radio-3068175615\"><a href=\"https:\/\/www.simeoneceramiche.com\/\" aria-label=\"SIMEONE CERAMICHE GIF animata per radioluna_Tavola disegno 1 copia 2 (online-video-cutter.com)\"><img loading=\"lazy\" decoding=\"async\" src=\"https:\/\/www.radioluna.it\/news\/wp-content\/uploads\/2025\/05\/SIMEONE-CERAMICHE-GIF-animata-per-radioluna_Tavola-disegno-1-copia-2-online-video-cutter.com_.gif\" alt=\"\"  width=\"300\" height=\"250\"   \/><\/a><\/div><\/div>","protected":false},"excerpt":{"rendered":"<p>POMEZIA &#8211;\u00a0 Da oggi a domenica e poi la prossima settimana il 15 e 16 settembre il parco divertimenti del Cinema e della TV Cinecitt\u00e0 World a Castel Romano ospiter\u00e0 la manifestazione interforze Viva l\u2019Italia alla quale partecipano la Polizia di Stato, lo Stato Maggiore della Difesa, la Croce Rossa e l&#8217; Ordine di Malta. [&hellip;]<\/p>\n","protected":false},"author":60,"featured_media":229630,"comment_status":"open","ping_status":"open","sticky":false,"template":"","format":"standard","meta":{"footnotes":""},"categories":[16],"tags":[],"class_list":["post-229629","post","type-post","status-publish","format-standard","has-post-thumbnail","hentry","category-appuntamenti"],"_links":{"self":[{"href":"https:\/\/www.radioluna.it\/news\/wp-json\/wp\/v2\/posts\/229629","targetHints":{"allow":["GET"]}}],"collection":[{"href":"https:\/\/www.radioluna.it\/news\/wp-json\/wp\/v2\/posts"}],"about":[{"href":"https:\/\/www.radioluna.it\/news\/wp-json\/wp\/v2\/types\/post"}],"author":[{"embeddable":true,"href":"https:\/\/www.radioluna.it\/news\/wp-json\/wp\/v2\/users\/60"}],"replies":[{"embeddable":true,"href":"https:\/\/www.radioluna.it\/news\/wp-json\/wp\/v2\/comments?post=229629"}],"version-history":[{"count":0,"href":"https:\/\/www.radioluna.it\/news\/wp-json\/wp\/v2\/posts\/229629\/revisions"}],"wp:featuredmedia":[{"embeddable":true,"href":"https:\/\/www.radioluna.it\/news\/wp-json\/wp\/v2\/media\/229630"}],"wp:attachment":[{"href":"https:\/\/www.radioluna.it\/news\/wp-json\/wp\/v2\/media?parent=229629"}],"wp:term":[{"taxonomy":"category","embeddable":true,"href":"https:\/\/www.radioluna.it\/news\/wp-json\/wp\/v2\/categories?post=229629"},{"taxonomy":"post_tag","embeddable":true,"href":"https:\/\/www.radioluna.it\/news\/wp-json\/wp\/v2\/tags?post=229629"}],"curies":[{"name":"wp","href":"https:\/\/api.w.org\/{rel}","templated":true}]}}