{"id":229641,"date":"2018-09-07T17:13:14","date_gmt":"2018-09-07T15:13:14","guid":{"rendered":"https:\/\/www.radioluna.it\/news\/?p=229641"},"modified":"2018-09-26T09:53:39","modified_gmt":"2018-09-26T07:53:39","slug":"strade-non-solo-toppe-riasfaltata-via-piave-ora-tocca-a-via-vespucci","status":"publish","type":"post","link":"https:\/\/www.radioluna.it\/news\/2018\/09\/strade-non-solo-toppe-riasfaltata-via-piave-ora-tocca-a-via-vespucci\/","title":{"rendered":"Strade, non solo toppe, riasfaltata Via Piave. Ora tocca a Via Vespucci"},"content":{"rendered":"<div id=\"fb-root\"><\/div>\n<p style=\"text-align: justify;\"><strong>LATINA<\/strong> &#8211; Agli automobilisti, soprattutto ai pendolari che imboccano la Pontina ogni mattina, non sar\u00e0 passato inosservato il rifacimento di Via Piave, o meglio, del tratto di Via Piave che va da Via Piattella alla rotatoria di Via Vespucci per circa un chilometro e 100 metri. Un&#8217;opera molto attesa, decisamente sperata, in un panorama generale, quello delle strade a Latina che nonostante i fondi messi a disposizione a primavera, resta piuttosto degradato e a macchia di leopardo, con il colpo finale inferto dal passaggio della fibra.<\/p>\n<p style=\"text-align: justify;\">&#8220;Molte strade come \u00e8 il caso di Via Piave hanno una sottostruttura degradata\u00a0 &#8211; spiega l&#8217;assessore ai lavori pubblici e al patrimonio Emilio Ranieri\u00a0 &#8211; e non basta stendere un nuovo strato su quello usurato, o ricoprire la buca. Nel caso in questione si \u00e8 dovuto prima ricaricare di materiale il binder (ovvero lo strato di collegamento tra lo strato superficiale di usura e quello di base)&#8221;.\u00a0 E i costi lievitano: &#8220;Ci sono voluti solo per questo tratto pi\u00f9 di 200 mila euro&#8221;, spiega Ranieri. E sempre confidando nella seriet\u00e0 di chi ha eseguito di lavori, visto il precedente delle scuole di Via Quarto e Pantanaccio dove il Comune ha dovuto affrontare un contenzioso per obbligare la ditta a ripetere i lavori appena effettuati (male) al solaio di copertura.<\/p>\n<p style=\"text-align: justify;\"><strong>DOPO VIA PIAVE VIA VESPUCCI<\/strong> &#8211; E dopo Via Piave i lavori proseguiranno su un&#8217;altra delle grandi arterie cittadine, Via Vespucci:\u00a0 saranno interessate entrambe le carreggiate divise da spartitraffico, dalla rotatoria di intersezione con Via Piave fino alla Torre Pontina. &#8220;Quando incassiamo soldi dall&#8217;urbanistica li reinvestiamo su strade, scuole ed edifici pubblici &#8211; spiega ancora l&#8217;assessore &#8211; In questi giorni abbiamo accertato entrate per 250mila euro da destinare alle scuole, 170 agli edifici pubblici e altri 100 mila per le strade&#8221;.<\/p>\n<audio class=\"wp-audio-shortcode\" id=\"audio-229641-1\" preload=\"none\" style=\"width: 100%;\" controls=\"controls\"><source type=\"audio\/mpeg\" src=\"https:\/\/www.radioluna.it\/news\/wp-content\/uploads\/2018\/09\/emilio-ranieri.mp3?_=1\" \/><a href=\"https:\/\/www.radioluna.it\/news\/wp-content\/uploads\/2018\/09\/emilio-ranieri.mp3\">https:\/\/www.radioluna.it\/news\/wp-content\/uploads\/2018\/09\/emilio-ranieri.mp3<\/a><\/audio>\n<div class=\"mejs-time-rail\" style=\"text-align: justify;\"><strong>L&#8217;IDEA DEL MUTUO<\/strong> &#8211; Non \u00e8 tramontata l&#8217;idea del mutuo, ma l&#8217;ok dovr\u00e0 arrivare dal dirigente al bilancio che sta facendo i conti: &#8220;Stiamo valutando , l&#8217;idea \u00e8 quella di lavorare su un mutuo ogni anno commisurato alle esigenze, che ci consenta di realizzare con sistematicit\u00e0 interventi per un certo numero di chilometri&#8221;.<\/div>\n<div class=\"mejs-button mejs-volume-button mejs-mute\"><\/div>\n<div class=\"radio-posizionamento-telefono-in-articoli-dopo-il-contenuto-articolo radio-entity-placement\" id=\"radio-2456380575\"><div id=\"radio-4125584935\"><a href=\"https:\/\/grupporedi.it\/\" aria-label=\"Redi-Qr\"><img loading=\"lazy\" decoding=\"async\" src=\"https:\/\/www.radioluna.it\/news\/wp-content\/uploads\/2026\/03\/Redi-Qr.jpg\" alt=\"\"  srcset=\"https:\/\/www.radioluna.it\/news\/wp-content\/uploads\/2026\/03\/Redi-Qr.jpg 800w, https:\/\/www.radioluna.it\/news\/wp-content\/uploads\/2026\/03\/Redi-Qr-768x639.jpg 768w\" sizes=\"(max-width: 800px) 100vw, 800px\" width=\"300\" height=\"250\"   \/><\/a><\/div><\/div>","protected":false},"excerpt":{"rendered":"<p>LATINA &#8211; Agli automobilisti, soprattutto ai pendolari che imboccano la Pontina ogni mattina, non sar\u00e0 passato inosservato il rifacimento di Via Piave, o meglio, del tratto di Via Piave che va da Via Piattella alla rotatoria di Via Vespucci per circa un chilometro e 100 metri. Un&#8217;opera molto attesa, decisamente sperata, in un panorama generale, [&hellip;]<\/p>\n","protected":false},"author":62,"featured_media":229642,"comment_status":"open","ping_status":"open","sticky":false,"template":"","format":"standard","meta":{"footnotes":""},"categories":[7],"tags":[],"class_list":["post-229641","post","type-post","status-publish","format-standard","has-post-thumbnail","hentry","category-cronaca"],"_links":{"self":[{"href":"https:\/\/www.radioluna.it\/news\/wp-json\/wp\/v2\/posts\/229641","targetHints":{"allow":["GET"]}}],"collection":[{"href":"https:\/\/www.radioluna.it\/news\/wp-json\/wp\/v2\/posts"}],"about":[{"href":"https:\/\/www.radioluna.it\/news\/wp-json\/wp\/v2\/types\/post"}],"author":[{"embeddable":true,"href":"https:\/\/www.radioluna.it\/news\/wp-json\/wp\/v2\/users\/62"}],"replies":[{"embeddable":true,"href":"https:\/\/www.radioluna.it\/news\/wp-json\/wp\/v2\/comments?post=229641"}],"version-history":[{"count":0,"href":"https:\/\/www.radioluna.it\/news\/wp-json\/wp\/v2\/posts\/229641\/revisions"}],"wp:featuredmedia":[{"embeddable":true,"href":"https:\/\/www.radioluna.it\/news\/wp-json\/wp\/v2\/media\/229642"}],"wp:attachment":[{"href":"https:\/\/www.radioluna.it\/news\/wp-json\/wp\/v2\/media?parent=229641"}],"wp:term":[{"taxonomy":"category","embeddable":true,"href":"https:\/\/www.radioluna.it\/news\/wp-json\/wp\/v2\/categories?post=229641"},{"taxonomy":"post_tag","embeddable":true,"href":"https:\/\/www.radioluna.it\/news\/wp-json\/wp\/v2\/tags?post=229641"}],"curies":[{"name":"wp","href":"https:\/\/api.w.org\/{rel}","templated":true}]}}