{"id":229655,"date":"2018-09-07T16:34:39","date_gmt":"2018-09-07T14:34:39","guid":{"rendered":"https:\/\/www.radioluna.it\/news\/?p=229655"},"modified":"2018-09-07T16:34:39","modified_gmt":"2018-09-07T14:34:39","slug":"patto-per-la-lettura-secondo-incontro-nella-biblioteca-aldo-manuzio","status":"publish","type":"post","link":"https:\/\/www.radioluna.it\/news\/2018\/09\/patto-per-la-lettura-secondo-incontro-nella-biblioteca-aldo-manuzio\/","title":{"rendered":"Patto per la lettura, secondo incontro nella biblioteca Aldo Manuzio"},"content":{"rendered":"<div id=\"fb-root\"><\/div>\n<p style=\"text-align: justify;\"><strong>LATINA &#8211;<\/strong> Luned\u00ec mattina, a partire dalle 9.00 e fino alle 17.30, presso la Biblioteca comunale Aldo Manuzio in Piazza del Popolo, si terr\u00e0 il secondo incontro per il \u201cPatto per la Lettura\u201d. Il primo, tenuto il 28 Giugno sempre presso la biblioteca centrale, era servito a presentare l\u2019attivit\u00e0 e a raccogliere progetti e adesioni.\u00a0Quasi 100 tra editori, librerie, istituti comprensivi, scuole superiori, enti, associazioni, singoli cittadini hanno aderito all\u2019iniziativa per una giornata che sar\u00e0 prettamente laboratoriale e che si articoler\u00e0 in diversi tavoli di lavoro affiancati dalla School of Government di Tor Vergata. Con la discussione e con il lavoro di gruppo si partir\u00e0 dagli spunti e dalle proposte raccolte dal primo incontro di fine Giugno ad oggi. L\u2019intento \u00e8 quello di progettare, insieme, eventi culturali e azioni utili allo scopo di aumentare i luoghi della lettura e il numero dei lettori.<\/p>\n<p style=\"text-align: justify;\">Un grande successo di partecipazione che ci si augura possa diventare anche un grande successo per i due obiettivi del \u201cPatto per la Lettura\u201d: aumento dei lettori e incremento dei luoghi di lettura.\u00a0Latina \u00e8 stata confermata \u201cCitt\u00e0 che legge\u201d per il biennio 2018 e 2019 perch\u00e9 il Mibact tramite il Centro per la lettura e l\u2019ANCI ha riconosciuto che sul territorio si svolgono con continuit\u00e0 attivit\u00e0 di promozione della lettura. Sono 27 le citt\u00e0 sopra i 100 mila abitanti ad avere avuto questo riconoscimento, in cui la media dei lettori \u00e8 superiore o uguale al 40%.<\/p>\n<p style=\"text-align: justify;\">In questo quadro, il ruolo di riferimento della Biblioteca diventa centrale anche per le possibilit\u00e0 future di sviluppo del progetto stesso. La Biblioteca cittadina, difatti, \u00e8 il luogo pubblico pi\u00f9 frequentato, con circa 80 mila presenze all\u2019anno. Nel biennio 2015 \u2013 2017 ha registrato un aumento dei prestiti bibliotecari del 26%. Frutto delle numerose iniziative fatte con gli asili, le scuole dell\u2019infanzia e le scuole primarie, anche nell\u2019ambito del progetto \u201cNati per leggere\u201d, tanto che il dato relativo al prestito dei libri per ragazzi da 0-14 anni \u00e8 di un aumento del 75% (vedi info-grafica).\u00a0In occasione del Patto per la Lettura, la Biblioteca Aldo Manuzio garantir\u00e0 i servizi di prestito e restituzione, mentre sar\u00e0 molto ridotta la possibilit\u00e0 di usufruire delle postazioni studio e consultazione.<\/p>\n<p>&nbsp;<\/p>\n<div class=\"radio-posizionamento-telefono-in-articoli-dopo-il-contenuto-articolo radio-entity-placement\" id=\"radio-1646380517\"><div id=\"radio-2533642323\" style=\"width: 300px;height: 250px;\"><a href=\"https:\/\/www.icarspa.it\/auto\/usate\/latina\/\" aria-label=\"banner aprile icar new life &#8211; auto usate latina\"><img loading=\"lazy\" decoding=\"async\" src=\"https:\/\/www.radioluna.it\/news\/wp-content\/uploads\/2026\/02\/banner-aprile-icar-new-life-auto-usate-latina.gif\" alt=\"\"  width=\"300\" height=\"250\"   \/><\/a><\/div><\/div>","protected":false},"excerpt":{"rendered":"<p>LATINA &#8211; Luned\u00ec mattina, a partire dalle 9.00 e fino alle 17.30, presso la Biblioteca comunale Aldo Manuzio in Piazza del Popolo, si terr\u00e0 il secondo incontro per il \u201cPatto per la Lettura\u201d. Il primo, tenuto il 28 Giugno sempre presso la biblioteca centrale, era servito a presentare l\u2019attivit\u00e0 e a raccogliere progetti e adesioni.\u00a0Quasi [&hellip;]<\/p>\n","protected":false},"author":60,"featured_media":228654,"comment_status":"open","ping_status":"open","sticky":false,"template":"","format":"standard","meta":{"footnotes":""},"categories":[16],"tags":[],"class_list":["post-229655","post","type-post","status-publish","format-standard","has-post-thumbnail","hentry","category-appuntamenti"],"_links":{"self":[{"href":"https:\/\/www.radioluna.it\/news\/wp-json\/wp\/v2\/posts\/229655","targetHints":{"allow":["GET"]}}],"collection":[{"href":"https:\/\/www.radioluna.it\/news\/wp-json\/wp\/v2\/posts"}],"about":[{"href":"https:\/\/www.radioluna.it\/news\/wp-json\/wp\/v2\/types\/post"}],"author":[{"embeddable":true,"href":"https:\/\/www.radioluna.it\/news\/wp-json\/wp\/v2\/users\/60"}],"replies":[{"embeddable":true,"href":"https:\/\/www.radioluna.it\/news\/wp-json\/wp\/v2\/comments?post=229655"}],"version-history":[{"count":0,"href":"https:\/\/www.radioluna.it\/news\/wp-json\/wp\/v2\/posts\/229655\/revisions"}],"wp:featuredmedia":[{"embeddable":true,"href":"https:\/\/www.radioluna.it\/news\/wp-json\/wp\/v2\/media\/228654"}],"wp:attachment":[{"href":"https:\/\/www.radioluna.it\/news\/wp-json\/wp\/v2\/media?parent=229655"}],"wp:term":[{"taxonomy":"category","embeddable":true,"href":"https:\/\/www.radioluna.it\/news\/wp-json\/wp\/v2\/categories?post=229655"},{"taxonomy":"post_tag","embeddable":true,"href":"https:\/\/www.radioluna.it\/news\/wp-json\/wp\/v2\/tags?post=229655"}],"curies":[{"name":"wp","href":"https:\/\/api.w.org\/{rel}","templated":true}]}}