{"id":229674,"date":"2018-09-08T08:28:12","date_gmt":"2018-09-08T06:28:12","guid":{"rendered":"https:\/\/www.radioluna.it\/news\/?p=229674"},"modified":"2018-09-08T08:28:36","modified_gmt":"2018-09-08T06:28:36","slug":"latina-saluta-lartista-e-gallerista-veturia-manni","status":"publish","type":"post","link":"https:\/\/www.radioluna.it\/news\/2018\/09\/latina-saluta-lartista-e-gallerista-veturia-manni\/","title":{"rendered":"Latina saluta l&#8217;artista e gallerista Veturia Manni"},"content":{"rendered":"<div id=\"fb-root\"><\/div>\n<p style=\"text-align: justify;\"><strong>LATINA<\/strong> &#8211; Ha generato grande commozione\u00a0la scomparsa dell&#8217;artista Veturia Manni, la gallerista titolare di Art Time alla galleria Pennacchi. Si \u00e8 spenta venerd\u00ec mattina presso la clinica San Marco dove era ricoverata per affrontare l&#8217;ultimo tratto della malattia che l&#8217;aveva colpita.<\/p>\n<p style=\"text-align: justify;\">La ricorda Fabio D&#8217;Achille presidente della commissione cultura del Comune di Latina a cui si deve una delle prime mostre dell&#8217;artista a Latina, con Mad, al Caff\u00e8 degli Artisti nel 2005: &#8220;Intraprendente e bizzarra si pu\u00f2 definire la sua attivit\u00e0 artistica, aveva una passione per il riciclo, ha voluto sperimentare anche la professione di gallerista, era solare e controversa, una cattolica fervente e una madre appassionata&#8221;.<\/p>\n<p style=\"text-align: justify;\">I funerali oggi alle 15 nella cattedrale di San Marco.<\/p>\n<p>&nbsp;<\/p>\n<div class=\"radio-posizionamento-telefono-in-articoli-dopo-il-contenuto-articolo radio-entity-placement\" id=\"radio-1484718774\"><div id=\"radio-1030356925\"><a href=\"https:\/\/grupporedi.it\/\" aria-label=\"Redi-Qr\"><img loading=\"lazy\" decoding=\"async\" src=\"https:\/\/www.radioluna.it\/news\/wp-content\/uploads\/2026\/03\/Redi-Qr.jpg\" alt=\"\"  srcset=\"https:\/\/www.radioluna.it\/news\/wp-content\/uploads\/2026\/03\/Redi-Qr.jpg 800w, https:\/\/www.radioluna.it\/news\/wp-content\/uploads\/2026\/03\/Redi-Qr-768x639.jpg 768w\" sizes=\"(max-width: 800px) 100vw, 800px\" width=\"300\" height=\"250\"   \/><\/a><\/div><\/div>","protected":false},"excerpt":{"rendered":"<p>LATINA &#8211; Ha generato grande commozione\u00a0la scomparsa dell&#8217;artista Veturia Manni, la gallerista titolare di Art Time alla galleria Pennacchi. Si \u00e8 spenta venerd\u00ec mattina presso la clinica San Marco dove era ricoverata per affrontare l&#8217;ultimo tratto della malattia che l&#8217;aveva colpita. La ricorda Fabio D&#8217;Achille presidente della commissione cultura del Comune di Latina a cui [&hellip;]<\/p>\n","protected":false},"author":60,"featured_media":229676,"comment_status":"open","ping_status":"open","sticky":false,"template":"","format":"standard","meta":{"footnotes":""},"categories":[7],"tags":[],"class_list":["post-229674","post","type-post","status-publish","format-standard","has-post-thumbnail","hentry","category-cronaca"],"_links":{"self":[{"href":"https:\/\/www.radioluna.it\/news\/wp-json\/wp\/v2\/posts\/229674","targetHints":{"allow":["GET"]}}],"collection":[{"href":"https:\/\/www.radioluna.it\/news\/wp-json\/wp\/v2\/posts"}],"about":[{"href":"https:\/\/www.radioluna.it\/news\/wp-json\/wp\/v2\/types\/post"}],"author":[{"embeddable":true,"href":"https:\/\/www.radioluna.it\/news\/wp-json\/wp\/v2\/users\/60"}],"replies":[{"embeddable":true,"href":"https:\/\/www.radioluna.it\/news\/wp-json\/wp\/v2\/comments?post=229674"}],"version-history":[{"count":0,"href":"https:\/\/www.radioluna.it\/news\/wp-json\/wp\/v2\/posts\/229674\/revisions"}],"wp:featuredmedia":[{"embeddable":true,"href":"https:\/\/www.radioluna.it\/news\/wp-json\/wp\/v2\/media\/229676"}],"wp:attachment":[{"href":"https:\/\/www.radioluna.it\/news\/wp-json\/wp\/v2\/media?parent=229674"}],"wp:term":[{"taxonomy":"category","embeddable":true,"href":"https:\/\/www.radioluna.it\/news\/wp-json\/wp\/v2\/categories?post=229674"},{"taxonomy":"post_tag","embeddable":true,"href":"https:\/\/www.radioluna.it\/news\/wp-json\/wp\/v2\/tags?post=229674"}],"curies":[{"name":"wp","href":"https:\/\/api.w.org\/{rel}","templated":true}]}}