{"id":229684,"date":"2018-09-08T09:26:41","date_gmt":"2018-09-08T07:26:41","guid":{"rendered":"https:\/\/www.radioluna.it\/news\/?p=229684"},"modified":"2018-09-09T05:52:46","modified_gmt":"2018-09-09T03:52:46","slug":"il-palabianchini-non-e-pronto-la-top-volley-latina-giochera-in-casa-a-caserta","status":"publish","type":"post","link":"https:\/\/www.radioluna.it\/news\/2018\/09\/il-palabianchini-non-e-pronto-la-top-volley-latina-giochera-in-casa-a-caserta\/","title":{"rendered":"Il Palabianchini non \u00e8 pronto, la Top Volley Latina giocher\u00e0 &#8220;in casa&#8221; a Caserta"},"content":{"rendered":"<div id=\"fb-root\"><\/div>\n<p style=\"text-align: justify;\"><strong>LATINA &#8211;<\/strong> La Top Volley non giocher\u00e0 il prossimo campionato di Superlega al PalaBianchini, perch\u00e9 la struttura non \u00e8 pronta. Ad un passo dall&#8217;avvio della stagione, infatti, i lavori di adeguamento richiesti dalla Lega pallavolo di serie A, che quest&#8217;anno non concede deroghe o assunzioni di responsabilit\u00e0 da parte dei sindaci (come avvenuto sempre in passato) e vuole certificazioni dagli organi competenti,\u00a0 non sono ancora partiti.<\/p>\n<p style=\"text-align: justify;\"><strong>LA NOTA DELLA TOP VOLLEY LATINA<\/strong> &#8211; In una nota arrivata sabato mattina, dopo gli articoli di stampa apparsi questa mattina,\u00a0 la societ\u00e0 guidata dal presidente Gianrio Falivene\u00a0 &#8220;precisa che vista l\u2019attuale mancanza dei requisiti per l\u2019utilizzo durante il campionato del PalaBianchini di Latina e, considerata la necessit\u00e0 di indicare un impianto di gioco omologato e rispondente cos\u00ec alle specifiche imposte dalla Lega Pallavolo Serie A, nei mesi scorsi la societ\u00e0 si \u00e8 cautelata indicando come impianto di gioco il palazzetto dello sport di Castel Morrone a Caserta che, per caratteristiche, attualmente \u00e8 l\u2019impianto indicato per lo svolgimento delle gare ufficiali interne&#8221;.<\/p>\n<p style=\"text-align: justify;\">Ieri in occasione del primo test a porte chiuse, giocato alla presenza della stampa e degli altri media,\u00a0 era ovvio che il discorso sarebbe andato anche sui lavori di adeguamento dell&#8217;impianto elettrico e sulla capienza che deve salire a 2400 posti (queste le disposizione della Lega Pallavolo). Con l&#8217;impianto non ancora adeguato, le prime gare in casa\u00a0 &#8211; \u00e8 stato spiegato dal presidente Gianrio Falivene &#8211; saranno giocate in trasferta, a Caserta, appunto, cos\u00ec come era stato indicato al momento dell\u2019iscrizione.<\/p>\n<p style=\"text-align: justify;\"><strong>VERSO CISTERNA<\/strong> &#8211; Il campionato comincer\u00e0 dunque in Campania, ma poi la societ\u00e0 potrebbe tornare. Ma per andare dove? &#8220;Si stanno valutando\u00a0 &#8211; prosegue la societ\u00e0 &#8211; possibilit\u00e0 alternative tra cui quella di utilizzare il palazzetto dello sport di Cisterna di Latina ma la societ\u00e0 \u00e8 in attesa che questa struttura sia prima ufficialmente completata per poi prendere formalmente una posizione in merito anche se risulta evidente che questa opzione, vista la capienza della struttura di Cisterna di Latina, potrebbe essere la soluzione definitiva ai problemi legati alle direttive di capienza imposte dalla Lega Pallavolo Serie A che entreranno comunque in vigore in futuro&#8221;. Ma anche il palazzetto di Cisterna non \u00e8 pronto: manca all&#8217;allaccio alla corrente e all&#8217;acqua,\u00a0servono anche le balaustre e l&#8217;impianto di trattamento dell&#8217;aria. Tutti lavori che il sindaco Mauro Carturan si \u00e8 comunque impegnato a realizzare entro tempo breve, al massimo dicembre, dopo che l&#8217;obiettivo di farlo dei primi 100 giorni di amministrazione \u00e8 tramontato.<\/p>\n<p style=\"text-align: justify;\">Magra consolazione sapere che a partire dal campionato del prossimo anno, la struttura di via dei Mille a Latina non sarebbe comunque stata pi\u00f9 adeguata ad ospitare partite di Superlega proprio per il numero dei posti a sedere inferiore a quello richiesto dalle nuove norme, poteva essere comunque l&#8217;ultimo campionato giocato in casa.<\/p>\n<div class=\"radio-posizionamento-telefono-in-articoli-dopo-il-contenuto-articolo radio-entity-placement\" id=\"radio-1802410027\"><div id=\"radio-3072416486\" style=\"width: 300px;height: 250px;\"><a href=\"https:\/\/www.icarspa.it\/auto\/usate\/latina\/\" aria-label=\"banner aprile icar new life &#8211; auto usate latina\"><img loading=\"lazy\" decoding=\"async\" src=\"https:\/\/www.radioluna.it\/news\/wp-content\/uploads\/2026\/02\/banner-aprile-icar-new-life-auto-usate-latina.gif\" alt=\"\"  width=\"300\" height=\"250\"   \/><\/a><\/div><\/div>","protected":false},"excerpt":{"rendered":"<p>LATINA &#8211; La Top Volley non giocher\u00e0 il prossimo campionato di Superlega al PalaBianchini, perch\u00e9 la struttura non \u00e8 pronta. Ad un passo dall&#8217;avvio della stagione, infatti, i lavori di adeguamento richiesti dalla Lega pallavolo di serie A, che quest&#8217;anno non concede deroghe o assunzioni di responsabilit\u00e0 da parte dei sindaci (come avvenuto sempre in [&hellip;]<\/p>\n","protected":false},"author":62,"featured_media":0,"comment_status":"open","ping_status":"open","sticky":false,"template":"","format":"standard","meta":{"footnotes":""},"categories":[7],"tags":[],"class_list":["post-229684","post","type-post","status-publish","format-standard","hentry","category-cronaca"],"_links":{"self":[{"href":"https:\/\/www.radioluna.it\/news\/wp-json\/wp\/v2\/posts\/229684","targetHints":{"allow":["GET"]}}],"collection":[{"href":"https:\/\/www.radioluna.it\/news\/wp-json\/wp\/v2\/posts"}],"about":[{"href":"https:\/\/www.radioluna.it\/news\/wp-json\/wp\/v2\/types\/post"}],"author":[{"embeddable":true,"href":"https:\/\/www.radioluna.it\/news\/wp-json\/wp\/v2\/users\/62"}],"replies":[{"embeddable":true,"href":"https:\/\/www.radioluna.it\/news\/wp-json\/wp\/v2\/comments?post=229684"}],"version-history":[{"count":0,"href":"https:\/\/www.radioluna.it\/news\/wp-json\/wp\/v2\/posts\/229684\/revisions"}],"wp:attachment":[{"href":"https:\/\/www.radioluna.it\/news\/wp-json\/wp\/v2\/media?parent=229684"}],"wp:term":[{"taxonomy":"category","embeddable":true,"href":"https:\/\/www.radioluna.it\/news\/wp-json\/wp\/v2\/categories?post=229684"},{"taxonomy":"post_tag","embeddable":true,"href":"https:\/\/www.radioluna.it\/news\/wp-json\/wp\/v2\/tags?post=229684"}],"curies":[{"name":"wp","href":"https:\/\/api.w.org\/{rel}","templated":true}]}}