{"id":229708,"date":"2018-09-08T11:47:45","date_gmt":"2018-09-08T09:47:45","guid":{"rendered":"https:\/\/www.radioluna.it\/news\/?p=229708"},"modified":"2018-09-10T09:46:13","modified_gmt":"2018-09-10T07:46:13","slug":"omicidio-vaccaro-parla-il-papa-di-matteo-vergognosa-la-richiesta-di-marroni-noi-i-veri-ergastolani","status":"publish","type":"post","link":"https:\/\/www.radioluna.it\/news\/2018\/09\/omicidio-vaccaro-parla-il-papa-di-matteo-vergognosa-la-richiesta-di-marroni-noi-i-veri-ergastolani\/","title":{"rendered":"Omicidio Vaccaro, parla il pap\u00e0 di Matteo: &#8220;Vergognosa la richiesta di Marroni, noi i veri ergastolani&#8221;"},"content":{"rendered":"<div id=\"fb-root\"><\/div>\n<p style=\"text-align: justify;\"><strong>LATINA<\/strong> &#8211; &#8220;La sola richiesta di semilibert\u00e0 (sette anni dopo l&#8217;omicidio <em>ndr<\/em>) \u00e8 una vergogna, ma la giustizia questa volta ha funzionato negando l&#8217;istanza presentata da Alex Marroni&#8221;. A parlare \u00e8 Valentino Vaccaro, il pap\u00e0 del 29enne ucciso al Parco Europa la notte del 31 gennaio del 2011, commentando la notizia apparsa questa mattina sul quotidiano Latina Oggi.<\/p>\n<p style=\"text-align: justify;\">In sostanza Alex Marroni, il giovane condannato come esecutore materiale dell&#8217;omicidio di Matteo Vaccaro, dopo aver scontato sette dei 16 anni di carcere decisi dalla sentenza, ha chiesto di poter trascorrere parte del giorno fuori dall\u2019istituto di pena &#8220;per partecipare ad attivit\u00e0 lavorative, istruttive e utili al suo reinserimento sociale&#8221; cos\u00ec come prevede la legge. Per i delitti pi\u00f9 gravi per\u00f2 la semilibert\u00e0 pu\u00f2 essere ottenuta quando \u00e8 stata scontata met\u00e0 della pena o i 2 terzi di essa, solo se il condannato ha dimostrato di aver collaborato fattivamente con la giustizia, cosa che per Marroni non \u00e8 avvenuta secondo i giudici della Corte di Cassazione che hanno detto &#8220;no&#8221;.<\/p>\n<p style=\"text-align: justify;\">Una decisione che avvalora le tesi della famiglia Vaccaro circa l&#8217;atteggiamento tenuto dagli assassini di Matteo: &#8220;Sono state nascoste molte cose e fin quando tutto non sar\u00e0 chiarito non mi fermer\u00f2&#8221;, dice il pap\u00e0 della vittima, a quasi tre anni dalla pronuncia della Cassazione (era il novembre del 2015) che ha messo la parola fine a questa storia, una tra le pi\u00f9 assurde che Latina ricordi.\u00a0Secondo i giudici,\u00a0 l\u2019omicidio Vaccaro fu un regolamento di conti,\u00a0ma solo\u00a0 Marroni\u00a0e Francesco D\u2019Antonio, il 20enne che accese la miccia nel locale gestito da Matteo Vaccaro nella zona dei Pub, erano a conoscenza che quella notte all&#8217;appuntamento nel Parco Europa era stata portata un&#8217;arma.\u00a0Quella pistola 7,65 cambi\u00f2 lo scenario e insieme il corso della vita della famiglia Vaccaro.<\/p>\n<p style=\"text-align: justify;\">Valentino Vaccaro di recente ha aderito all&#8217;\u00a0Osservatorio Nazionale Sostegno Vittime nella convinzione che i veri ergastolani siano non gli assassini condannati, ma le famiglie di chi viene privato della vita di un congiunto. &#8220;I detenuti hanno il loro garante, il Garante per i Diritti dei Detenuti, mentre i familiari delle vittime non hanno nessuno e vengono abbandonati al loro destino&#8221;.<\/p>\n<p style=\"text-align: justify;\">ASCOLTA VACCARO<\/p>\n<audio class=\"wp-audio-shortcode\" id=\"audio-229708-1\" preload=\"none\" style=\"width: 100%;\" controls=\"controls\"><source type=\"audio\/mpeg\" src=\"https:\/\/www.radioluna.it\/news\/wp-content\/uploads\/2018\/09\/VALENTINO-VACCARO.mp3?_=1\" \/><a href=\"https:\/\/www.radioluna.it\/news\/wp-content\/uploads\/2018\/09\/VALENTINO-VACCARO.mp3\">https:\/\/www.radioluna.it\/news\/wp-content\/uploads\/2018\/09\/VALENTINO-VACCARO.mp3<\/a><\/audio>\n<p style=\"text-align: justify;\">L&#8217;OSSERVATORIO SI PRESENTA COSI&#8217; &#8211; L&#8217;Osservatorio Nazionale Sostegno Vittime \u00e8 un&#8217; associazione che mira non soltanto a raccogliere dati sui fatti criminosi, sulle condanne, e su quanto e come trovi applicazione, in Italia, uno dei capisaldi del nostro diritto penale, ossia la certezza della pena, bens\u00ec vuole, attraverso un gruppo di professionisti, fornire assistenza legale psicologica alle Vittime. &#8220;Molte sono le iniziative gi\u00e0 in cantiere, come il disegno di legge per l&#8217;Istituzione del Garante Nazionale per le Vittime, depositato alla Camera il 12 giugno scorso&#8221;, precisa la Presidente, Avvocato Elisabetta Aldrovandi, &#8220;e tante sono le Vittime che del nostro Osservatorio fanno parte da Francesco Sicignano ad Andrea Masini, da Mario Cattaneo a Romina Vianello, da Graziano Stacchio a Laura Schiavo, molte delle quali saranno nostri referenti territoriali, come la stessa Vianello per Venezia o Valentino Vaccaro per Latina, rendendosi portavoce delle nostre iniziative, perch\u00e9, come noi, credono che solo stando uniti la nostra voce potr\u00e0 essere forte e ascoltata&#8221;. Fanno parte di questo importante progetto anche Barbara Benedettelli, scrittrice e saggista e da anni in prima linea nella battaglia per i diritti delle Vittime, e il noto Avvocato Alessia Sorgato, autrice, tra gli altri, di &#8220;Gi\u00f9 le mani dalle donne&#8221;, un vero e proprio manuale di consigli pratici per le Vittime di violenza.<\/p>\n<div class=\"radio-posizionamento-telefono-in-articoli-dopo-il-contenuto-articolo radio-entity-placement\" id=\"radio-1366141650\"><div id=\"radio-475765582\" style=\"width: 300px;height: 250px;\"><a href=\"https:\/\/www.icarspa.it\/auto\/usate\/latina\/\" aria-label=\"banner aprile icar new life &#8211; auto usate latina\"><img loading=\"lazy\" decoding=\"async\" src=\"https:\/\/www.radioluna.it\/news\/wp-content\/uploads\/2026\/02\/banner-aprile-icar-new-life-auto-usate-latina.gif\" alt=\"\"  width=\"300\" height=\"250\"   \/><\/a><\/div><\/div>","protected":false},"excerpt":{"rendered":"<p>LATINA &#8211; &#8220;La sola richiesta di semilibert\u00e0 (sette anni dopo l&#8217;omicidio ndr) \u00e8 una vergogna, ma la giustizia questa volta ha funzionato negando l&#8217;istanza presentata da Alex Marroni&#8221;. A parlare \u00e8 Valentino Vaccaro, il pap\u00e0 del 29enne ucciso al Parco Europa la notte del 31 gennaio del 2011, commentando la notizia apparsa questa mattina sul [&hellip;]<\/p>\n","protected":false},"author":62,"featured_media":229710,"comment_status":"open","ping_status":"open","sticky":false,"template":"","format":"standard","meta":{"footnotes":""},"categories":[7],"tags":[],"class_list":["post-229708","post","type-post","status-publish","format-standard","has-post-thumbnail","hentry","category-cronaca"],"_links":{"self":[{"href":"https:\/\/www.radioluna.it\/news\/wp-json\/wp\/v2\/posts\/229708","targetHints":{"allow":["GET"]}}],"collection":[{"href":"https:\/\/www.radioluna.it\/news\/wp-json\/wp\/v2\/posts"}],"about":[{"href":"https:\/\/www.radioluna.it\/news\/wp-json\/wp\/v2\/types\/post"}],"author":[{"embeddable":true,"href":"https:\/\/www.radioluna.it\/news\/wp-json\/wp\/v2\/users\/62"}],"replies":[{"embeddable":true,"href":"https:\/\/www.radioluna.it\/news\/wp-json\/wp\/v2\/comments?post=229708"}],"version-history":[{"count":0,"href":"https:\/\/www.radioluna.it\/news\/wp-json\/wp\/v2\/posts\/229708\/revisions"}],"wp:featuredmedia":[{"embeddable":true,"href":"https:\/\/www.radioluna.it\/news\/wp-json\/wp\/v2\/media\/229710"}],"wp:attachment":[{"href":"https:\/\/www.radioluna.it\/news\/wp-json\/wp\/v2\/media?parent=229708"}],"wp:term":[{"taxonomy":"category","embeddable":true,"href":"https:\/\/www.radioluna.it\/news\/wp-json\/wp\/v2\/categories?post=229708"},{"taxonomy":"post_tag","embeddable":true,"href":"https:\/\/www.radioluna.it\/news\/wp-json\/wp\/v2\/tags?post=229708"}],"curies":[{"name":"wp","href":"https:\/\/api.w.org\/{rel}","templated":true}]}}