{"id":229728,"date":"2018-09-09T17:46:53","date_gmt":"2018-09-09T15:46:53","guid":{"rendered":"https:\/\/www.radioluna.it\/news\/?p=229728"},"modified":"2018-09-13T09:13:27","modified_gmt":"2018-09-13T07:13:27","slug":"nozze-dargento-per-il-coro-degli-alpini-di-latina","status":"publish","type":"post","link":"https:\/\/www.radioluna.it\/news\/2018\/09\/nozze-dargento-per-il-coro-degli-alpini-di-latina\/","title":{"rendered":"Nozze d&#8217;argento per il coro degli alpini di Latina"},"content":{"rendered":"<div id=\"fb-root\"><\/div>\n<p style=\"text-align: justify;\">LATINA &#8211;\u00a0Il Coro\u00a0 dell&#8217; Associazione Nazionale Alpini di Latina festeggia i suoi primi venticinque anni di attivit\u00e0 regalando un concerto alla sua citt\u00e0: gioved\u00ec 13 settembre alle ore 20.30 nell\u2019auditorium del Conservatorio Ottorino Respighi in Via Ezio. Trentacinque voci maschili e un repertorio che spazia da brani\u00a0 come \u201cMia Terra\u201d, \u201c9 Ottobre\u201d, alla Messa Alpina, composti per il coro dal Maestro Francesco Milita, il Coro degli Alpini di Latina viene considerato un esempio di passione, disciplina e creativit\u00e0.<\/p>\n<p style=\"text-align: justify;\">Sotto la direzione del maestro Roberto Stivali, durante il concerto di gioved\u00ec, il coro presenter\u00e0 alla sua citt\u00e0 gli ultimi due lavori, un cd contenente i canti del suo repertorio ma anche una novit\u00e0,\u00a0 un cd contenente solamente brani sacri. L&#8217;ingresso \u00e8 libero.<\/p>\n<div class=\"radio-posizionamento-telefono-in-articoli-dopo-il-contenuto-articolo radio-entity-placement\" id=\"radio-3847087035\"><div id=\"radio-4069651615\"><a href=\"https:\/\/www.simeoneceramiche.com\/\" aria-label=\"SIMEONE CERAMICHE GIF animata per radioluna_Tavola disegno 1 copia 2 (online-video-cutter.com)\"><img loading=\"lazy\" decoding=\"async\" src=\"https:\/\/www.radioluna.it\/news\/wp-content\/uploads\/2025\/05\/SIMEONE-CERAMICHE-GIF-animata-per-radioluna_Tavola-disegno-1-copia-2-online-video-cutter.com_.gif\" alt=\"\"  width=\"300\" height=\"250\"   \/><\/a><\/div><\/div>","protected":false},"excerpt":{"rendered":"<p>LATINA &#8211;\u00a0Il Coro\u00a0 dell&#8217; Associazione Nazionale Alpini di Latina festeggia i suoi primi venticinque anni di attivit\u00e0 regalando un concerto alla sua citt\u00e0: gioved\u00ec 13 settembre alle ore 20.30 nell\u2019auditorium del Conservatorio Ottorino Respighi in Via Ezio. Trentacinque voci maschili e un repertorio che spazia da brani\u00a0 come \u201cMia Terra\u201d, \u201c9 Ottobre\u201d, alla Messa Alpina, [&hellip;]<\/p>\n","protected":false},"author":62,"featured_media":229729,"comment_status":"open","ping_status":"open","sticky":false,"template":"","format":"standard","meta":{"footnotes":""},"categories":[16],"tags":[],"class_list":["post-229728","post","type-post","status-publish","format-standard","has-post-thumbnail","hentry","category-appuntamenti"],"_links":{"self":[{"href":"https:\/\/www.radioluna.it\/news\/wp-json\/wp\/v2\/posts\/229728","targetHints":{"allow":["GET"]}}],"collection":[{"href":"https:\/\/www.radioluna.it\/news\/wp-json\/wp\/v2\/posts"}],"about":[{"href":"https:\/\/www.radioluna.it\/news\/wp-json\/wp\/v2\/types\/post"}],"author":[{"embeddable":true,"href":"https:\/\/www.radioluna.it\/news\/wp-json\/wp\/v2\/users\/62"}],"replies":[{"embeddable":true,"href":"https:\/\/www.radioluna.it\/news\/wp-json\/wp\/v2\/comments?post=229728"}],"version-history":[{"count":0,"href":"https:\/\/www.radioluna.it\/news\/wp-json\/wp\/v2\/posts\/229728\/revisions"}],"wp:featuredmedia":[{"embeddable":true,"href":"https:\/\/www.radioluna.it\/news\/wp-json\/wp\/v2\/media\/229729"}],"wp:attachment":[{"href":"https:\/\/www.radioluna.it\/news\/wp-json\/wp\/v2\/media?parent=229728"}],"wp:term":[{"taxonomy":"category","embeddable":true,"href":"https:\/\/www.radioluna.it\/news\/wp-json\/wp\/v2\/categories?post=229728"},{"taxonomy":"post_tag","embeddable":true,"href":"https:\/\/www.radioluna.it\/news\/wp-json\/wp\/v2\/tags?post=229728"}],"curies":[{"name":"wp","href":"https:\/\/api.w.org\/{rel}","templated":true}]}}