{"id":229731,"date":"2018-09-09T19:08:56","date_gmt":"2018-09-09T17:08:56","guid":{"rendered":"https:\/\/www.radioluna.it\/news\/?p=229731"},"modified":"2018-09-09T19:08:56","modified_gmt":"2018-09-09T17:08:56","slug":"streghe-e-sortilegi-donne-colpevoli-di-innocenza-secondo-ersilia-sarrecchia","status":"publish","type":"post","link":"https:\/\/www.radioluna.it\/news\/2018\/09\/streghe-e-sortilegi-donne-colpevoli-di-innocenza-secondo-ersilia-sarrecchia\/","title":{"rendered":"Streghe e sortilegi, donne colpevoli di innocenza secondo Ersilia Sarrecchia"},"content":{"rendered":"<div id=\"fb-root\"><\/div>\n<p style=\"text-align: justify;\">LATINA &#8211; La pittrice di Latina Ersilia Sarrecchia torna a raccontare le donne da un angolo visuale inedito: partecipando al\u00a0 Festival della Filosofia di Modena\u00a0 edizione 2018, il cui tema \u00e8 &#8220;La Verit\u00e0&#8221;, ed\u00a0 esponendo un progetto ispirato a tre donne vissute durante il periodo dell&#8217;Inquisizione. &#8220;Colpevoli di innocenza. Storie di inquisizione, streghe e sortilegi&#8221; il titolo della mostra curata da Andrea Saltini. Il vernissage \u00e8 in programma il 14 settembre alla Lanarossa Gallery di Modena in Via Montevecchio.<br \/>\nIntento della mostra &#8211; spiega l&#8217;artista di Latina che per lavoro si \u00e8 trasferita da alcuni anni a in Emilia &#8211;\u00a0 \u00e8 quello di costruire un&#8217;ambientazione in cui narrare, attraverso dipinti, disegni, fotografie, oggetti, libri antichi, le storie di queste figure femminili vissute nella Modena del &#8216;500, considerate streghe e, come tali, processate e condannate al rogo. Se la verit\u00e0 \u00e8 &#8220;rispondenza piena e assoluta della realt\u00e0 effettiva&#8221;, l&#8217;artista intende restituire un&#8217;immagine pi\u00f9 realistica delle donne in causa, la cui colpa pu\u00f2 essere quella di aver avuto particolari sensibilit\u00e0, commesso atti non comprensibili dalla societ\u00e0 dell&#8217;epoca, o semplicemente di esser nate con i capelli rossi.<\/p>\n<p style=\"text-align: justify;\">L&#8217;esposizione vedr\u00e0 il contributo installativo della flower designer Giulia Marenzi che attraverso composizioni di erbe aromatiche e officinali sar\u00e0 parte del percorso narrativo.<\/p>\n<p style=\"text-align: justify;\">CHIE E&#8217; &#8211; Ersilia Sarrecchia nasce a Latina, vive e lavora a Modena. Diplomata con lode in pittura presso l&#8217;Accademia di Belle Arti di Roma, espone in mostre personali e collettive e in fiere di settore in Italia e all&#8217;estero. L&#8217;attivit\u00e0 artistica spazia dalla pittura alla fotografia e la lavorazione della ceramica. Tra i temi pi\u00f9 ricorrenti nella sua ricerca artistica troviamo il mondo femminile e quello della natura.<\/p>\n<p style=\"text-align: justify;\">IL FESTIVAL DELLA FILOSOFIA &#8211;\u00a0Il Festivalfilosofia \u00e8 una manifestazione culturale italiana che dal 2001 si svolge annualmente a Modena, Carpi e Sassuolo. Il festival si svolge regolarmente durante un fine settimana di met\u00e0 settembre ed \u00e8 caratterizzato da lezioni magistrali, mostre, concerti, film, giochi e cene che trattano temi attinenti alla filosofia. (Wikipedia)<\/p>\n<p><img loading=\"lazy\" decoding=\"async\" class=\"alignnone size-full wp-image-229733\" src=\"https:\/\/www.radioluna.it\/news\/wp-content\/uploads\/2018\/09\/ersilia.jpg\" alt=\"\" width=\"960\" height=\"676\" srcset=\"https:\/\/www.radioluna.it\/news\/wp-content\/uploads\/2018\/09\/ersilia.jpg 960w, https:\/\/www.radioluna.it\/news\/wp-content\/uploads\/2018\/09\/ersilia-300x211.jpg 300w, https:\/\/www.radioluna.it\/news\/wp-content\/uploads\/2018\/09\/ersilia-768x541.jpg 768w, https:\/\/www.radioluna.it\/news\/wp-content\/uploads\/2018\/09\/ersilia-500x352.jpg 500w\" sizes=\"auto, (max-width: 960px) 100vw, 960px\" \/><\/p>\n<div class=\"radio-posizionamento-telefono-in-articoli-dopo-il-contenuto-articolo radio-entity-placement\" id=\"radio-4155653437\"><div id=\"radio-4054054521\" style=\"width: 300px;height: 250px;\"><a href=\"https:\/\/www.icarspa.it\/auto\/usate\/latina\/\" aria-label=\"banner aprile icar new life &#8211; auto usate latina\"><img loading=\"lazy\" decoding=\"async\" src=\"https:\/\/www.radioluna.it\/news\/wp-content\/uploads\/2026\/02\/banner-aprile-icar-new-life-auto-usate-latina.gif\" alt=\"\"  width=\"300\" height=\"250\"   \/><\/a><\/div><\/div>","protected":false},"excerpt":{"rendered":"<p>LATINA &#8211; La pittrice di Latina Ersilia Sarrecchia torna a raccontare le donne da un angolo visuale inedito: partecipando al\u00a0 Festival della Filosofia di Modena\u00a0 edizione 2018, il cui tema \u00e8 &#8220;La Verit\u00e0&#8221;, ed\u00a0 esponendo un progetto ispirato a tre donne vissute durante il periodo dell&#8217;Inquisizione. &#8220;Colpevoli di innocenza. Storie di inquisizione, streghe e sortilegi&#8221; [&hellip;]<\/p>\n","protected":false},"author":62,"featured_media":229732,"comment_status":"open","ping_status":"open","sticky":false,"template":"","format":"standard","meta":{"footnotes":""},"categories":[16],"tags":[],"class_list":["post-229731","post","type-post","status-publish","format-standard","has-post-thumbnail","hentry","category-appuntamenti"],"_links":{"self":[{"href":"https:\/\/www.radioluna.it\/news\/wp-json\/wp\/v2\/posts\/229731","targetHints":{"allow":["GET"]}}],"collection":[{"href":"https:\/\/www.radioluna.it\/news\/wp-json\/wp\/v2\/posts"}],"about":[{"href":"https:\/\/www.radioluna.it\/news\/wp-json\/wp\/v2\/types\/post"}],"author":[{"embeddable":true,"href":"https:\/\/www.radioluna.it\/news\/wp-json\/wp\/v2\/users\/62"}],"replies":[{"embeddable":true,"href":"https:\/\/www.radioluna.it\/news\/wp-json\/wp\/v2\/comments?post=229731"}],"version-history":[{"count":0,"href":"https:\/\/www.radioluna.it\/news\/wp-json\/wp\/v2\/posts\/229731\/revisions"}],"wp:featuredmedia":[{"embeddable":true,"href":"https:\/\/www.radioluna.it\/news\/wp-json\/wp\/v2\/media\/229732"}],"wp:attachment":[{"href":"https:\/\/www.radioluna.it\/news\/wp-json\/wp\/v2\/media?parent=229731"}],"wp:term":[{"taxonomy":"category","embeddable":true,"href":"https:\/\/www.radioluna.it\/news\/wp-json\/wp\/v2\/categories?post=229731"},{"taxonomy":"post_tag","embeddable":true,"href":"https:\/\/www.radioluna.it\/news\/wp-json\/wp\/v2\/tags?post=229731"}],"curies":[{"name":"wp","href":"https:\/\/api.w.org\/{rel}","templated":true}]}}