{"id":229784,"date":"2018-09-10T19:41:33","date_gmt":"2018-09-10T17:41:33","guid":{"rendered":"https:\/\/www.radioluna.it\/news\/?p=229784"},"modified":"2018-09-11T06:46:30","modified_gmt":"2018-09-11T04:46:30","slug":"italia-in-comune-presenta-un-emendamento-contro-il-taglio-dei-fondi-alle-periferie","status":"publish","type":"post","link":"https:\/\/www.radioluna.it\/news\/2018\/09\/italia-in-comune-presenta-un-emendamento-contro-il-taglio-dei-fondi-alle-periferie\/","title":{"rendered":"Italia in Comune presenta un emendamento contro il taglio dei fondi alle periferie"},"content":{"rendered":"<div id=\"fb-root\"><\/div>\n<p style=\"text-align: justify;\"><strong>LATINA<\/strong> &#8211; &#8220;Uno scippo devastante, un provvedimento sconsiderato, anche se non colpisce direttamente Latina (risultata tra i primi 20 Comuni e quindi salva). Il taglio dei fondi del bando delle periferie colpisce al cuore le citt\u00e0 e quindi i cittadini,\u00a0 e per questo \u00e8 inaccettabile&#8221;. Lo ha detto il sindaco di Latina Damiano Coletta vicepresidente di Italia in Comune in una conferenza stampa dal titolo\u00a0 &#8220;Gi\u00f9 le mani dalle citt\u00e0, no al taglio dei fondi per le periferie&#8221;\u00a0 che si \u00e8 tenuta questa mattina a Montecitorio con il presidente della nuova formazione politica, Federico Pizzarotti, sindaco di Parma e il coordinatore nazionale Alessio Pascucci, sindaco di Cerveteri. I tre amministratori locali, anche a nome dei tanti altri sindaci coinvolti, hanno presentato un emendamento con il quale si chiede al Governo Giallo-verde di ritirare il provvedimento e di restituire i fondi a chi li ha ottenuti &#8220;spendendo risorse e forze nella progettazione&#8221;. L&#8217;emendamento sar\u00e0 presentato alla Camera dai deputati Alessandro Fusacchia di Pi\u00f9 Europa e Serse Soverini di Area Civica che vogliono sostenere la voce di protesta dei sindaci: &#8220;Siamo certi che lo voteranno tutti &#8211; dice Pascucci &#8211; perch\u00e9 il tema \u00e8 troppo importante e riguarda direttamente i cittadini&#8221;.<\/p>\n<p style=\"text-align: justify;\">\u00a0\u201cIl tema del bando delle periferie e dello scippo del bando di 1 miliardo e 600 milioni destinato a interventi per luoghi degradati, \u00e8 inaccettabile. Si sottraggono questi fondi non ai Comuni, ma ai cittadini per spenderli in manovre elettorali in vista delle Europee. Siamo qui a chiedere che questo scippo non venga fatto e di togliere le mani dalle periferie e dai Comuni\u201d \u00e8 la voce ferma di Pizzarotti che ha spiegato come questo taglio comporti la rinuncia ad opere con un grande valore sociale e culturale destinati a interventi nei luoghi pi\u00f9 degradati delle citt\u00e0.<\/p>\n<p style=\"text-align: justify;\">&#8220;Le citt\u00e0\u00a0 &#8211; ha detto Coletta nel suo intervento &#8211; credo rappresentino l\u2019ultimo baluardo contro la crisi della politica e contro la disgregazione sociale che sta vivendo il Paese. E\u2019 dalle citt\u00e0 che si costruisce il senso civico del cittadino e il concetto di Bene Comune. Ed \u00e8 dalle periferie delle citt\u00e0 che si deve ripartire per riconnettere quel tessuto sociale disgregato, che vive nella marginalit\u00e0 e in quel degrado da cui si generano paura, incertezza ed abbrutimento&#8221;.<\/p>\n<p><strong>ASCOLTA COLETTA<\/strong><\/p>\n<audio class=\"wp-audio-shortcode\" id=\"audio-229784-1\" preload=\"none\" style=\"width: 100%;\" controls=\"controls\"><source type=\"audio\/mpeg\" src=\"https:\/\/www.radioluna.it\/news\/wp-content\/uploads\/2018\/09\/coletta-bando.mp3?_=1\" \/><a href=\"https:\/\/www.radioluna.it\/news\/wp-content\/uploads\/2018\/09\/coletta-bando.mp3\">https:\/\/www.radioluna.it\/news\/wp-content\/uploads\/2018\/09\/coletta-bando.mp3<\/a><\/audio>\n<p><strong>L&#8217;APPELLO<\/strong> &#8211; \u201cChiediamo a tutti i parlamentari\u00a0 di votare il nostro emendamento\u201d \u00e8 l&#8217;appello di Italia in Comune che ha inviato una lettera ai 120 sindaci dei comuni vincitori del bando per le periferie, di sostenere l\u2019emendamento e\u00a0 chiedere ai parlamentari del territorio di votarlo. IL TESTO\u00a0<a href=\"https:\/\/www.radioluna.it\/news\/wp-content\/uploads\/2018\/09\/Lettera-sindaci.pdf\">Lettera sindaci<\/a><\/p>\n<div class=\"radio-posizionamento-telefono-in-articoli-dopo-il-contenuto-articolo radio-entity-placement\" id=\"radio-2273925345\"><div id=\"radio-734281608\"><a href=\"https:\/\/grupporedi.it\/\" aria-label=\"Redi-Qr\"><img loading=\"lazy\" decoding=\"async\" src=\"https:\/\/www.radioluna.it\/news\/wp-content\/uploads\/2026\/03\/Redi-Qr.jpg\" alt=\"\"  srcset=\"https:\/\/www.radioluna.it\/news\/wp-content\/uploads\/2026\/03\/Redi-Qr.jpg 800w, https:\/\/www.radioluna.it\/news\/wp-content\/uploads\/2026\/03\/Redi-Qr-768x639.jpg 768w\" sizes=\"(max-width: 800px) 100vw, 800px\" width=\"300\" height=\"250\"   \/><\/a><\/div><\/div>","protected":false},"excerpt":{"rendered":"<p>LATINA &#8211; &#8220;Uno scippo devastante, un provvedimento sconsiderato, anche se non colpisce direttamente Latina (risultata tra i primi 20 Comuni e quindi salva). Il taglio dei fondi del bando delle periferie colpisce al cuore le citt\u00e0 e quindi i cittadini,\u00a0 e per questo \u00e8 inaccettabile&#8221;. Lo ha detto il sindaco di Latina Damiano Coletta vicepresidente [&hellip;]<\/p>\n","protected":false},"author":62,"featured_media":229786,"comment_status":"open","ping_status":"open","sticky":false,"template":"","format":"standard","meta":{"footnotes":""},"categories":[2310,8],"tags":[],"class_list":["post-229784","post","type-post","status-publish","format-standard","has-post-thumbnail","hentry","category-audio","category-politica"],"_links":{"self":[{"href":"https:\/\/www.radioluna.it\/news\/wp-json\/wp\/v2\/posts\/229784","targetHints":{"allow":["GET"]}}],"collection":[{"href":"https:\/\/www.radioluna.it\/news\/wp-json\/wp\/v2\/posts"}],"about":[{"href":"https:\/\/www.radioluna.it\/news\/wp-json\/wp\/v2\/types\/post"}],"author":[{"embeddable":true,"href":"https:\/\/www.radioluna.it\/news\/wp-json\/wp\/v2\/users\/62"}],"replies":[{"embeddable":true,"href":"https:\/\/www.radioluna.it\/news\/wp-json\/wp\/v2\/comments?post=229784"}],"version-history":[{"count":0,"href":"https:\/\/www.radioluna.it\/news\/wp-json\/wp\/v2\/posts\/229784\/revisions"}],"wp:featuredmedia":[{"embeddable":true,"href":"https:\/\/www.radioluna.it\/news\/wp-json\/wp\/v2\/media\/229786"}],"wp:attachment":[{"href":"https:\/\/www.radioluna.it\/news\/wp-json\/wp\/v2\/media?parent=229784"}],"wp:term":[{"taxonomy":"category","embeddable":true,"href":"https:\/\/www.radioluna.it\/news\/wp-json\/wp\/v2\/categories?post=229784"},{"taxonomy":"post_tag","embeddable":true,"href":"https:\/\/www.radioluna.it\/news\/wp-json\/wp\/v2\/tags?post=229784"}],"curies":[{"name":"wp","href":"https:\/\/api.w.org\/{rel}","templated":true}]}}