{"id":229801,"date":"2018-09-11T06:54:45","date_gmt":"2018-09-11T04:54:45","guid":{"rendered":"https:\/\/www.radioluna.it\/news\/?p=229801"},"modified":"2018-09-11T06:54:45","modified_gmt":"2018-09-11T04:54:45","slug":"scontro-sulla-pontina-auto-di-ribalta-e-prende-fuoco","status":"publish","type":"post","link":"https:\/\/www.radioluna.it\/news\/2018\/09\/scontro-sulla-pontina-auto-di-ribalta-e-prende-fuoco\/","title":{"rendered":"Scontro sulla Pontina auto di ribalta e prende fuoco"},"content":{"rendered":"<div id=\"fb-root\"><\/div>\n<p style=\"text-align: justify;\">APRILIA- Una persona \u00e8 rimasta ferita in un incidente stradale che si \u00e8 verificato nel pomeriggio di luned\u00ec, intorno alle 18, sulla corsia nord della Pontina in direzione di Roma al\u00a0km 43+100 nel comune di Aprilia dove due auto si sono scontrate. Per la violenza dell&#8217;impatto una delle due si \u00e8 ribaltata\u00a0 e ha preso fuoco. Sul posto sono intervenuti i pompieri che hanno domato le fiamme evitando ulteriori conseguenze. Il ferito \u00e8 stato trasportato in ospedale dal 118.\u00a0Notevoli le ripercussioni al traffico sulla Pontina.<\/p>\n<div class=\"radio-posizionamento-telefono-in-articoli-dopo-il-contenuto-articolo radio-entity-placement\" id=\"radio-2665606591\"><div id=\"radio-3803253138\" style=\"width: 300px;height: 250px;\"><a href=\"https:\/\/www.icarspa.it\/auto\/usate\/latina\/\" aria-label=\"banner aprile icar new life &#8211; auto usate latina\"><img loading=\"lazy\" decoding=\"async\" src=\"https:\/\/www.radioluna.it\/news\/wp-content\/uploads\/2026\/02\/banner-aprile-icar-new-life-auto-usate-latina.gif\" alt=\"\"  width=\"300\" height=\"250\"   \/><\/a><\/div><\/div>","protected":false},"excerpt":{"rendered":"<p>APRILIA- Una persona \u00e8 rimasta ferita in un incidente stradale che si \u00e8 verificato nel pomeriggio di luned\u00ec, intorno alle 18, sulla corsia nord della Pontina in direzione di Roma al\u00a0km 43+100 nel comune di Aprilia dove due auto si sono scontrate. Per la violenza dell&#8217;impatto una delle due si \u00e8 ribaltata\u00a0 e ha preso [&hellip;]<\/p>\n","protected":false},"author":60,"featured_media":229802,"comment_status":"open","ping_status":"open","sticky":false,"template":"","format":"standard","meta":{"footnotes":""},"categories":[7],"tags":[],"class_list":["post-229801","post","type-post","status-publish","format-standard","has-post-thumbnail","hentry","category-cronaca"],"_links":{"self":[{"href":"https:\/\/www.radioluna.it\/news\/wp-json\/wp\/v2\/posts\/229801","targetHints":{"allow":["GET"]}}],"collection":[{"href":"https:\/\/www.radioluna.it\/news\/wp-json\/wp\/v2\/posts"}],"about":[{"href":"https:\/\/www.radioluna.it\/news\/wp-json\/wp\/v2\/types\/post"}],"author":[{"embeddable":true,"href":"https:\/\/www.radioluna.it\/news\/wp-json\/wp\/v2\/users\/60"}],"replies":[{"embeddable":true,"href":"https:\/\/www.radioluna.it\/news\/wp-json\/wp\/v2\/comments?post=229801"}],"version-history":[{"count":0,"href":"https:\/\/www.radioluna.it\/news\/wp-json\/wp\/v2\/posts\/229801\/revisions"}],"wp:featuredmedia":[{"embeddable":true,"href":"https:\/\/www.radioluna.it\/news\/wp-json\/wp\/v2\/media\/229802"}],"wp:attachment":[{"href":"https:\/\/www.radioluna.it\/news\/wp-json\/wp\/v2\/media?parent=229801"}],"wp:term":[{"taxonomy":"category","embeddable":true,"href":"https:\/\/www.radioluna.it\/news\/wp-json\/wp\/v2\/categories?post=229801"},{"taxonomy":"post_tag","embeddable":true,"href":"https:\/\/www.radioluna.it\/news\/wp-json\/wp\/v2\/tags?post=229801"}],"curies":[{"name":"wp","href":"https:\/\/api.w.org\/{rel}","templated":true}]}}