{"id":229809,"date":"2018-09-11T07:28:16","date_gmt":"2018-09-11T05:28:16","guid":{"rendered":"https:\/\/www.radioluna.it\/news\/?p=229809"},"modified":"2018-09-12T13:49:31","modified_gmt":"2018-09-12T11:49:31","slug":"carabinieri-nuovi-arrivi-a-terracina-e-gaeta","status":"publish","type":"post","link":"https:\/\/www.radioluna.it\/news\/2018\/09\/carabinieri-nuovi-arrivi-a-terracina-e-gaeta\/","title":{"rendered":"Carabinieri, nuovi arrivi a Terracina e Gaeta"},"content":{"rendered":"<div id=\"fb-root\"><\/div>\n<p style=\"text-align: justify;\"><img loading=\"lazy\" decoding=\"async\" class=\"alignnone size-full wp-image-229811\" src=\"https:\/\/www.radioluna.it\/news\/wp-content\/uploads\/2018\/09\/cc.jpg\" alt=\"\" width=\"870\" height=\"506\" srcset=\"https:\/\/www.radioluna.it\/news\/wp-content\/uploads\/2018\/09\/cc.jpg 870w, https:\/\/www.radioluna.it\/news\/wp-content\/uploads\/2018\/09\/cc-300x174.jpg 300w, https:\/\/www.radioluna.it\/news\/wp-content\/uploads\/2018\/09\/cc-768x447.jpg 768w, https:\/\/www.radioluna.it\/news\/wp-content\/uploads\/2018\/09\/cc-500x291.jpg 500w\" sizes=\"auto, (max-width: 870px) 100vw, 870px\" \/>LATINA &#8211; Il Capitano Francesco Vivona ed il S. Tenente Giovanni Pastore sono i nuovi comandanti della Compagnia Carabinieri di Terracina e della Tenenza di Gaeta.<\/p>\n<p style=\"text-align: justify;\">Il primo, 28 anni originario di Napoli, ha frequentato per due anni l\u2019accademia militare di Modena e poi per tre la scuola ufficiali Carabinieri di Roma. Laureato in giurisprudenza, dopo il primo incarico di comandante del Nucleo Operativo e Radiomobile di Monreale in provincia di Palermo, diriger\u00e0 la Compagnia Carabinieri di Terracina guidata negli ultimi anni dal Capitano Margherita Anzini. Anzini \u00e8 stata trasferita al Comando della Scuola Ufficiali Carabinieri dove seguir\u00e0 i corsi degli Allievi Ufficiali provenienti dall\u2019Accademia di \u00a0Modena.<\/p>\n<p style=\"text-align: justify;\">Il sottotenente Giovanni Pastore, invece ha 37 anni \u00e8 originario della provincia di Bari, e arriva dalla Sardegna dove nel ruolo Marescialli\u00a0 ha comandato la Stazione di Orune in provincia di Nuoro. Ha frequentato il 58\u00b0 corso applicativo presso la Scuola Ufficiali dell\u2019Arma che gli ha consentito di ottenere l&#8217;attuale grado e oggi \u00e8 il nuovo Comandante della Tenenza di Gaeta in sostituzione del Capitano Carmine Manzi\u00a0 inviato a dirigere la Compagnia CC di Melfi (PZ).<\/p>\n<p style=\"text-align: justify;\">&#8220;Ad entrambi vanno gli auguri per un sereno proficuo lavoro da parte del Comandante Provinciale di Latina Col. Gabriele Vitagliano e di tutti i colleghi&#8221;, si legge in una nota dell&#8217;Arma.<\/p>\n<div class=\"radio-posizionamento-telefono-in-articoli-dopo-il-contenuto-articolo radio-entity-placement\" id=\"radio-1984378368\"><div id=\"radio-2844660378\" style=\"width: 300px;height: 250px;\"><a href=\"https:\/\/www.icarspa.it\/auto\/usate\/latina\/\" aria-label=\"banner aprile icar new life &#8211; auto usate latina\"><img loading=\"lazy\" decoding=\"async\" src=\"https:\/\/www.radioluna.it\/news\/wp-content\/uploads\/2026\/02\/banner-aprile-icar-new-life-auto-usate-latina.gif\" alt=\"\"  width=\"300\" height=\"250\"   \/><\/a><\/div><\/div>","protected":false},"excerpt":{"rendered":"<p>LATINA &#8211; Il Capitano Francesco Vivona ed il S. Tenente Giovanni Pastore sono i nuovi comandanti della Compagnia Carabinieri di Terracina e della Tenenza di Gaeta. Il primo, 28 anni originario di Napoli, ha frequentato per due anni l\u2019accademia militare di Modena e poi per tre la scuola ufficiali Carabinieri di Roma. Laureato in giurisprudenza, [&hellip;]<\/p>\n","protected":false},"author":62,"featured_media":229810,"comment_status":"open","ping_status":"open","sticky":false,"template":"","format":"standard","meta":{"footnotes":""},"categories":[7],"tags":[],"class_list":["post-229809","post","type-post","status-publish","format-standard","has-post-thumbnail","hentry","category-cronaca"],"_links":{"self":[{"href":"https:\/\/www.radioluna.it\/news\/wp-json\/wp\/v2\/posts\/229809","targetHints":{"allow":["GET"]}}],"collection":[{"href":"https:\/\/www.radioluna.it\/news\/wp-json\/wp\/v2\/posts"}],"about":[{"href":"https:\/\/www.radioluna.it\/news\/wp-json\/wp\/v2\/types\/post"}],"author":[{"embeddable":true,"href":"https:\/\/www.radioluna.it\/news\/wp-json\/wp\/v2\/users\/62"}],"replies":[{"embeddable":true,"href":"https:\/\/www.radioluna.it\/news\/wp-json\/wp\/v2\/comments?post=229809"}],"version-history":[{"count":0,"href":"https:\/\/www.radioluna.it\/news\/wp-json\/wp\/v2\/posts\/229809\/revisions"}],"wp:featuredmedia":[{"embeddable":true,"href":"https:\/\/www.radioluna.it\/news\/wp-json\/wp\/v2\/media\/229810"}],"wp:attachment":[{"href":"https:\/\/www.radioluna.it\/news\/wp-json\/wp\/v2\/media?parent=229809"}],"wp:term":[{"taxonomy":"category","embeddable":true,"href":"https:\/\/www.radioluna.it\/news\/wp-json\/wp\/v2\/categories?post=229809"},{"taxonomy":"post_tag","embeddable":true,"href":"https:\/\/www.radioluna.it\/news\/wp-json\/wp\/v2\/tags?post=229809"}],"curies":[{"name":"wp","href":"https:\/\/api.w.org\/{rel}","templated":true}]}}