{"id":230005,"date":"2018-09-13T17:22:20","date_gmt":"2018-09-13T15:22:20","guid":{"rendered":"https:\/\/www.radioluna.it\/news\/?p=230005"},"modified":"2018-09-13T17:22:20","modified_gmt":"2018-09-13T15:22:20","slug":"al-via-domenica-la-settimana-europea-della-mobilita-sostenibile-ecco-le-iniziative-a-latina","status":"publish","type":"post","link":"https:\/\/www.radioluna.it\/news\/2018\/09\/al-via-domenica-la-settimana-europea-della-mobilita-sostenibile-ecco-le-iniziative-a-latina\/","title":{"rendered":"Al via domenica la settimana europea della mobilit\u00e0 sostenibile, ecco le iniziative a Latina"},"content":{"rendered":"<div id=\"fb-root\"><\/div>\n<p style=\"text-align: justify;\"><strong>LATINA &#8211;<\/strong>\u00a0Da domenica si aprir\u00e0 la Settimana Europea dedicata alla Mobilit\u00e0 Sostenibile alla quale il Comune di Latina aderisce con il progetto Moovida. Luned\u00ec 17 Settembre alle 16:00 si terr\u00e0 un convegno nella Sala Enzo De Pasquale dal titolo Mobilit\u00e0 Sostenibile, salute e intermodalit\u00e0, a cui prenderanno parte Damiano Coletta sindaco di Latina;\u00a0Francesco Castaldo Assessore al Governo del Territorio e Mobilit\u00e0 &#8211; Comune di Latina;\u00a0Umberto Martone Mobility Manager &#8211; Comune di Latina;\u00a0Alfredo Magliozzi Vice Questore \u2013 Comandante Polizia Stradale;\u00a0Antonio Sabatucci Mobility Manager &#8211; ASL Latina;\u00a0Silvia Iacovacci Sorveglianza e Registro Tumori &#8211; ASL Latina;\u00a0Paolo Venturini Facolt\u00e0 di Ingegneria civile ed industriale &#8211; Universit\u00e0 della Sapienza di Roma;\u00a0Giuseppe Cilia Vicepresidente CSC &#8211; Trasporto Pubblico Locale;\u00a0Simone Boccanera Amministratore delegato Alea Service &#8211; Eppy Car Sharing.<\/p>\n<p style=\"text-align: justify;\">Venerd\u00ec 21 settembre l\u2019Amministrazione invita tutti i cittadini ad aderire alla \u201cBike to Work\u201d, ovvero l\u2019invito ad utilizzare la bicicletta per recarsi al lavoro, per favorire l\u2019attivit\u00e0 fisica negli spostamenti quotidiani a livello urbano.<\/p>\n<p style=\"text-align: justify;\">La settimana si chiuder\u00e0 sabato 22 settembre con il seminario fissato presso la Biblioteca Aldo Manuzio in Piazza del Popolo, 14 dal titolo World Caf\u00e9: il sentiero della bonifica pontina e gli itinerari lenti e solidali, appuntamento dedicato alla promozione del turismo sostenibile e solidale. Tra gli interventi quello di Silvio Di Francia, Assessore Cultura, Turismo e Sport e Dario Bellini Consigliere con mandato del Sindaco su mobilit\u00e0 sostenibile ed accessibilit\u00e0.<\/p>\n<p style=\"text-align: justify;\">Nella stessa giornata si allestiranno stand dimostrativi nell\u2019area di Piazza del Popolo a cura di Polizia Stradale, CSC Trasporto Pubblico Locale, Eppy Car Sharing Elettrico e ASL Latina. Sar\u00e0 inoltre predisposto un Info Point Mobilit\u00e0 a disposizione di quanti desiderano approfondire le tematiche.<\/p>\n","protected":false},"excerpt":{"rendered":"<p>LATINA &#8211;\u00a0Da domenica si aprir\u00e0 la Settimana Europea dedicata alla Mobilit\u00e0 Sostenibile alla quale il Comune di Latina aderisce con il progetto Moovida. Luned\u00ec 17 Settembre alle 16:00 si terr\u00e0 un convegno nella Sala Enzo De Pasquale dal titolo Mobilit\u00e0 Sostenibile, salute e intermodalit\u00e0, a cui prenderanno parte Damiano Coletta sindaco di Latina;\u00a0Francesco Castaldo Assessore [&hellip;]<\/p>\n","protected":false},"author":60,"featured_media":217578,"comment_status":"open","ping_status":"open","sticky":false,"template":"","format":"standard","meta":{"footnotes":""},"categories":[16],"tags":[],"class_list":["post-230005","post","type-post","status-publish","format-standard","has-post-thumbnail","hentry","category-appuntamenti"],"_links":{"self":[{"href":"https:\/\/www.radioluna.it\/news\/wp-json\/wp\/v2\/posts\/230005","targetHints":{"allow":["GET"]}}],"collection":[{"href":"https:\/\/www.radioluna.it\/news\/wp-json\/wp\/v2\/posts"}],"about":[{"href":"https:\/\/www.radioluna.it\/news\/wp-json\/wp\/v2\/types\/post"}],"author":[{"embeddable":true,"href":"https:\/\/www.radioluna.it\/news\/wp-json\/wp\/v2\/users\/60"}],"replies":[{"embeddable":true,"href":"https:\/\/www.radioluna.it\/news\/wp-json\/wp\/v2\/comments?post=230005"}],"version-history":[{"count":0,"href":"https:\/\/www.radioluna.it\/news\/wp-json\/wp\/v2\/posts\/230005\/revisions"}],"wp:featuredmedia":[{"embeddable":true,"href":"https:\/\/www.radioluna.it\/news\/wp-json\/wp\/v2\/media\/217578"}],"wp:attachment":[{"href":"https:\/\/www.radioluna.it\/news\/wp-json\/wp\/v2\/media?parent=230005"}],"wp:term":[{"taxonomy":"category","embeddable":true,"href":"https:\/\/www.radioluna.it\/news\/wp-json\/wp\/v2\/categories?post=230005"},{"taxonomy":"post_tag","embeddable":true,"href":"https:\/\/www.radioluna.it\/news\/wp-json\/wp\/v2\/tags?post=230005"}],"curies":[{"name":"wp","href":"https:\/\/api.w.org\/{rel}","templated":true}]}}