{"id":230248,"date":"2018-09-18T18:00:57","date_gmt":"2018-09-18T16:00:57","guid":{"rendered":"https:\/\/www.radioluna.it\/news\/?p=230248"},"modified":"2018-09-18T18:00:57","modified_gmt":"2018-09-18T16:00:57","slug":"patti-di-collaborazione-tra-comune-e-cittadini-firmati-i-primi-quattro","status":"publish","type":"post","link":"https:\/\/www.radioluna.it\/news\/2018\/09\/patti-di-collaborazione-tra-comune-e-cittadini-firmati-i-primi-quattro\/","title":{"rendered":"Patti di collaborazione tra Comune e cittadini, firmati i primi quattro"},"content":{"rendered":"<div id=\"fb-root\"><\/div>\n<p style=\"text-align: justify;\"><strong>LATINA &#8211;<\/strong>\u00a0Sono stati sottoscritti i primi quattro patti di collaborazione tra il Comune di Latina e i rispettivi proponenti: &#8220;La citt\u00e0 \u2013 ha detto il sindaco Coletta &#8211; grazie a questo strumento di partecipazione, torna ad appartenere ai cittadini&#8221;. In aula consiliare l\u2019assessora Cristina Leggio con il consigliere delegato a Democrazia partecipata e gestione condivisa dei beni Emanuele Di Russo hanno invitato intorno al tavolo le quattro realt\u00e0 che hanno presentato le proposte e che hanno effettuato, insieme al Comune, un percorso formativo per giungere oggi all\u2019impegno che per un anno li vedr\u00e0 protagonisti nella cura, rigenerazione e gestione di un bene comune.<\/p>\n<p style=\"text-align: justify;\">&#8220;Ringrazio tutti i cittadini che hanno partecipato \u2013 ha dichiarato Cristina Leggio \u2013 perch\u00e9 anche grazie a loro come amministrazione abbiamo voluto disegnare funzioni e strumenti in base agli obiettivi, reinterpretare l\u2019organizzazione perch\u00e9 diventi capace di accogliere le istanze e i contribuiti della comunit\u00e0, di condividere le scelte e di co-costruire le risposte in modo chiaro, flessibile, efficace, condivisibile&#8221;.\u00a0I patti sono stati presentati dai loro referenti ed \u00e8 stata creata anche una rete tra le associazioni in modo da condividere esperienze e competenze. Poi la giornata \u00e8 proseguita con i tavoli di lavoro ai quali hanno partecipato cittadini, amministratori e dipendenti dell\u2019unit\u00e0 per l\u2019amministrazione condivisa che insieme hanno definito i dettagli dei singoli patti permeandoli alle diverse situazioni. Il momento di confronto \u00e8 stato utile anche per definire un linguaggio comune, fuori dagli schemi burocratici, che fosse coinvolgente per tutti coloro che hanno intenzione di partecipare alla gestione dei beni comuni.<\/p>\n<p style=\"text-align: justify;\">Luciano Netto, presidente del Comitato per il parco di Piazza Udine, ha spiegato il progetto che vede protagonista un\u2019area nel passato moto degradata e che invece ricomincia a vivere grazie alla volont\u00e0 del comitato che ha anche presentato un progetto redatto da un architetto.<\/p>\n<p style=\"text-align: justify;\">Raffaele Piccoli, per il comitato Latina Nord, ha raccontato come diventer\u00e0 l\u2019area verde attorno alla ex scuola materna di Via Milazzo.<\/p>\n<p style=\"text-align: justify;\">Pierluigi Toldo dell\u2019associazione DomuscultaSessana e Vittorio Nardin presidente del centro sociale per anziani di Borgo Podgora, che hanno inizialmente avanzato due idee che grazie a un percorso condiviso convergeranno in uno stesso patto, hanno proposto di prendersi cura dell\u2019area verde pertinente il centro sociale.<\/p>\n<p style=\"text-align: justify;\">Paola La Cava per il Gigante Buono, ha spiegato l\u2019idea che l\u2019associazione ha avuto per l\u2019area verde di Via Tuscolo, oggetto del patto \u201cVita al Giardino della Vita\u201d. In questo patto confluisce anche la proposta dell\u2019associazione Botteghe invisibili che promuove spettacoli, eventi e organizza laboratori teatrali, per tutte le et\u00e0, con un occhio di riguardo per il sociale.<\/p>\n<p style=\"text-align: justify;\">La dirigente Daniela Ventriglia ha spiegato a tutti come l\u2019ufficio che ha lavorato in questi mesi per arrivare alla sottoscrizione dei patti si ponga come facilitatore di tutti i processi che i cittadini coinvolti vogliano mettere in campo.<\/p>\n<p style=\"text-align: justify;\">\u00abA Latina ci sono cittadine e cittadini che possono e vogliono mettere a disposizione della comunit\u00e0 le loro energie per costruire e qualificare insieme quei \u201cluoghi comuni\u201d capaci di abilitare le citt\u00e0, non solo di renderle belle \u2013 ha concluso l\u2019assessora Leggio -. \u00c8 una nostra precisa responsabilit\u00e0 saper creare le condizioni e i percorsi perch\u00e9 queste energie non vadano disperse e la partecipazione non sia solo nelle parole, ma si sostanzi in una rinnovata capacit\u00e0 di ascolto e si traduca in \u201cfatti e linguaggi condivisi\u201d \u00bb<\/p>\n<p style=\"text-align: justify;\">Il processo di coprogettazione \u00e8 sempre aperto alla collaborazione di coloro che vogliano eventualmente partecipare. Tutte le info sono sul sito del Comune nell\u2019area dedicata alla partecipazione e ai beni comuni (http:\/\/www.comune.latina.it\/category\/amministrazione-condivisa\/)<\/p>\n<div class=\"radio-posizionamento-telefono-in-articoli-dopo-il-contenuto-articolo radio-entity-placement\" id=\"radio-394849661\"><div id=\"radio-2856178638\"><a href=\"https:\/\/www.simeoneceramiche.com\/\" aria-label=\"SIMEONE CERAMICHE GIF animata per radioluna_Tavola disegno 1 copia 2 (online-video-cutter.com)\"><img loading=\"lazy\" decoding=\"async\" src=\"https:\/\/www.radioluna.it\/news\/wp-content\/uploads\/2025\/05\/SIMEONE-CERAMICHE-GIF-animata-per-radioluna_Tavola-disegno-1-copia-2-online-video-cutter.com_.gif\" alt=\"\"  width=\"300\" height=\"250\"   \/><\/a><\/div><\/div>","protected":false},"excerpt":{"rendered":"<p>LATINA &#8211;\u00a0Sono stati sottoscritti i primi quattro patti di collaborazione tra il Comune di Latina e i rispettivi proponenti: &#8220;La citt\u00e0 \u2013 ha detto il sindaco Coletta &#8211; grazie a questo strumento di partecipazione, torna ad appartenere ai cittadini&#8221;. In aula consiliare l\u2019assessora Cristina Leggio con il consigliere delegato a Democrazia partecipata e gestione condivisa [&hellip;]<\/p>\n","protected":false},"author":60,"featured_media":0,"comment_status":"open","ping_status":"open","sticky":false,"template":"","format":"standard","meta":{"footnotes":""},"categories":[735],"tags":[],"class_list":["post-230248","post","type-post","status-publish","format-standard","hentry","category-attualita"],"_links":{"self":[{"href":"https:\/\/www.radioluna.it\/news\/wp-json\/wp\/v2\/posts\/230248","targetHints":{"allow":["GET"]}}],"collection":[{"href":"https:\/\/www.radioluna.it\/news\/wp-json\/wp\/v2\/posts"}],"about":[{"href":"https:\/\/www.radioluna.it\/news\/wp-json\/wp\/v2\/types\/post"}],"author":[{"embeddable":true,"href":"https:\/\/www.radioluna.it\/news\/wp-json\/wp\/v2\/users\/60"}],"replies":[{"embeddable":true,"href":"https:\/\/www.radioluna.it\/news\/wp-json\/wp\/v2\/comments?post=230248"}],"version-history":[{"count":0,"href":"https:\/\/www.radioluna.it\/news\/wp-json\/wp\/v2\/posts\/230248\/revisions"}],"wp:attachment":[{"href":"https:\/\/www.radioluna.it\/news\/wp-json\/wp\/v2\/media?parent=230248"}],"wp:term":[{"taxonomy":"category","embeddable":true,"href":"https:\/\/www.radioluna.it\/news\/wp-json\/wp\/v2\/categories?post=230248"},{"taxonomy":"post_tag","embeddable":true,"href":"https:\/\/www.radioluna.it\/news\/wp-json\/wp\/v2\/tags?post=230248"}],"curies":[{"name":"wp","href":"https:\/\/api.w.org\/{rel}","templated":true}]}}