{"id":230282,"date":"2018-09-19T09:22:27","date_gmt":"2018-09-19T07:22:27","guid":{"rendered":"https:\/\/www.radioluna.it\/news\/?p=230282"},"modified":"2018-09-19T17:17:27","modified_gmt":"2018-09-19T15:17:27","slug":"daniele-nardi-e-papa-al-goretti-e-nato-mattia","status":"publish","type":"post","link":"https:\/\/www.radioluna.it\/news\/2018\/09\/daniele-nardi-e-papa-al-goretti-e-nato-mattia\/","title":{"rendered":"Daniele Nardi \u00e8 pap\u00e0: al Goretti \u00e8 nato Mattia"},"content":{"rendered":"<div id=\"fb-root\"><\/div>\n<p style=\"text-align: justify;\"><strong>LATINA<\/strong> &#8211; Fiocco azzurro in casa Nardi: l&#8217;alpinista di Sezze noto per le sue straordinarie imprese, \u00e8 diventato pap\u00e0 per la prima volta di un bel maschietto. Alla vigilia di una nuova spedizione alpinistica, di cui avremo senz&#8217;altro modo di parlare, lo scalatore ha assistito in sala parto alla nascita di Mattia avuto con la compagna Daniela.<\/p>\n<p style=\"text-align: justify;\">Il piccolo \u00e8 nato all&#8217;ospedale Goretti luned\u00ec pomeriggio alle 16,15, pesa 3 kg e 150 grammi e sta bene come la mamma. &#8220;Un&#8217;emozione fortissima&#8221;, ha detto l&#8217;alpinista che \u00e8 anche il primo nella storia, nato al di sotto del Po, ad aver scalato l\u2019Everest\u00a0ed il\u00a0K2, le due vette pi\u00f9 alte al mondo.<\/p>\n<div class=\"radio-posizionamento-telefono-in-articoli-dopo-il-contenuto-articolo radio-entity-placement\" id=\"radio-539252668\"><div id=\"radio-3581562236\" style=\"width: 300px;height: 250px;\"><a href=\"https:\/\/www.icarspa.it\/auto\/usate\/latina\/\" aria-label=\"banner aprile icar new life &#8211; auto usate latina\"><img loading=\"lazy\" decoding=\"async\" src=\"https:\/\/www.radioluna.it\/news\/wp-content\/uploads\/2026\/02\/banner-aprile-icar-new-life-auto-usate-latina.gif\" alt=\"\"  width=\"300\" height=\"250\"   \/><\/a><\/div><\/div>","protected":false},"excerpt":{"rendered":"<p>LATINA &#8211; Fiocco azzurro in casa Nardi: l&#8217;alpinista di Sezze noto per le sue straordinarie imprese, \u00e8 diventato pap\u00e0 per la prima volta di un bel maschietto. Alla vigilia di una nuova spedizione alpinistica, di cui avremo senz&#8217;altro modo di parlare, lo scalatore ha assistito in sala parto alla nascita di Mattia avuto con la [&hellip;]<\/p>\n","protected":false},"author":62,"featured_media":0,"comment_status":"open","ping_status":"open","sticky":false,"template":"","format":"standard","meta":{"footnotes":""},"categories":[735],"tags":[],"class_list":["post-230282","post","type-post","status-publish","format-standard","hentry","category-attualita"],"_links":{"self":[{"href":"https:\/\/www.radioluna.it\/news\/wp-json\/wp\/v2\/posts\/230282","targetHints":{"allow":["GET"]}}],"collection":[{"href":"https:\/\/www.radioluna.it\/news\/wp-json\/wp\/v2\/posts"}],"about":[{"href":"https:\/\/www.radioluna.it\/news\/wp-json\/wp\/v2\/types\/post"}],"author":[{"embeddable":true,"href":"https:\/\/www.radioluna.it\/news\/wp-json\/wp\/v2\/users\/62"}],"replies":[{"embeddable":true,"href":"https:\/\/www.radioluna.it\/news\/wp-json\/wp\/v2\/comments?post=230282"}],"version-history":[{"count":0,"href":"https:\/\/www.radioluna.it\/news\/wp-json\/wp\/v2\/posts\/230282\/revisions"}],"wp:attachment":[{"href":"https:\/\/www.radioluna.it\/news\/wp-json\/wp\/v2\/media?parent=230282"}],"wp:term":[{"taxonomy":"category","embeddable":true,"href":"https:\/\/www.radioluna.it\/news\/wp-json\/wp\/v2\/categories?post=230282"},{"taxonomy":"post_tag","embeddable":true,"href":"https:\/\/www.radioluna.it\/news\/wp-json\/wp\/v2\/tags?post=230282"}],"curies":[{"name":"wp","href":"https:\/\/api.w.org\/{rel}","templated":true}]}}