{"id":230396,"date":"2018-09-20T15:44:49","date_gmt":"2018-09-20T13:44:49","guid":{"rendered":"https:\/\/www.radioluna.it\/news\/?p=230396"},"modified":"2018-09-20T15:44:49","modified_gmt":"2018-09-20T13:44:49","slug":"latina-calcio-in-notturna-il-primo-match-infrasettimanale-contro-il-flaminia","status":"publish","type":"post","link":"https:\/\/www.radioluna.it\/news\/2018\/09\/latina-calcio-in-notturna-il-primo-match-infrasettimanale-contro-il-flaminia\/","title":{"rendered":"Latina Calcio, in notturna il primo match infrasettimanale contro il Flaminia"},"content":{"rendered":"<div id=\"fb-root\"><\/div>\n<p style=\"text-align: justify;\">LATINA &#8211;\u00a0Buone notizie per i tifosi del Latina Calcio 1932. Il primo confronto infrasettimanale in programma il prossimo 26 settembre si svolger\u00e0 in notturna alle ore 20,30. Proprio stamattina la dirigenza della societ\u00e0 Flaminia ha detto si alla richiesta del Latina Calcio 1932 di posticipare la gara inizialmente programma alle ore 15.00. In questo modo anche i tifosi potranno essere presenti al Francioni di Latina nella prima gara in notturna della stagione. Intanto riprender\u00e0 proprio venerd\u00ec, contestualmente alla vendita dei biglietti di Latina &#8211; Flaminia, anche la vendita degli abbonamenti. L&#8217;orario di venerd\u00ec 21 settembre \u00e8 fissato dalle ore 17.00 alle 20,00. sabato invece ci si potr\u00e0 recare al botteghino dalle 10,00 alle 13,00 e dalle 17,00 alle 20,00. I biglietti possono essere acquistati da subito all\u2019indirizzo https:\/\/www.ciaotickets.com\/evento\/latina-calcio-1932-calcio-flaminia oppure presso le rivendite Ciaotickets della provincia di Latina.<\/p>\n","protected":false},"excerpt":{"rendered":"<p>LATINA &#8211;\u00a0Buone notizie per i tifosi del Latina Calcio 1932. Il primo confronto infrasettimanale in programma il prossimo 26 settembre si svolger\u00e0 in notturna alle ore 20,30. Proprio stamattina la dirigenza della societ\u00e0 Flaminia ha detto si alla richiesta del Latina Calcio 1932 di posticipare la gara inizialmente programma alle ore 15.00. In questo modo [&hellip;]<\/p>\n","protected":false},"author":5430,"featured_media":230397,"comment_status":"open","ping_status":"open","sticky":false,"template":"","format":"standard","meta":{"footnotes":""},"categories":[17],"tags":[],"class_list":["post-230396","post","type-post","status-publish","format-standard","has-post-thumbnail","hentry","category-sport"],"_links":{"self":[{"href":"https:\/\/www.radioluna.it\/news\/wp-json\/wp\/v2\/posts\/230396","targetHints":{"allow":["GET"]}}],"collection":[{"href":"https:\/\/www.radioluna.it\/news\/wp-json\/wp\/v2\/posts"}],"about":[{"href":"https:\/\/www.radioluna.it\/news\/wp-json\/wp\/v2\/types\/post"}],"author":[{"embeddable":true,"href":"https:\/\/www.radioluna.it\/news\/wp-json\/wp\/v2\/users\/5430"}],"replies":[{"embeddable":true,"href":"https:\/\/www.radioluna.it\/news\/wp-json\/wp\/v2\/comments?post=230396"}],"version-history":[{"count":0,"href":"https:\/\/www.radioluna.it\/news\/wp-json\/wp\/v2\/posts\/230396\/revisions"}],"wp:featuredmedia":[{"embeddable":true,"href":"https:\/\/www.radioluna.it\/news\/wp-json\/wp\/v2\/media\/230397"}],"wp:attachment":[{"href":"https:\/\/www.radioluna.it\/news\/wp-json\/wp\/v2\/media?parent=230396"}],"wp:term":[{"taxonomy":"category","embeddable":true,"href":"https:\/\/www.radioluna.it\/news\/wp-json\/wp\/v2\/categories?post=230396"},{"taxonomy":"post_tag","embeddable":true,"href":"https:\/\/www.radioluna.it\/news\/wp-json\/wp\/v2\/tags?post=230396"}],"curies":[{"name":"wp","href":"https:\/\/api.w.org\/{rel}","templated":true}]}}