{"id":230561,"date":"2018-09-24T11:03:56","date_gmt":"2018-09-24T09:03:56","guid":{"rendered":"https:\/\/www.radioluna.it\/news\/?p=230561"},"modified":"2019-10-09T07:17:45","modified_gmt":"2019-10-09T05:17:45","slug":"latina-vaccinazioni-in-aumento-tra-gli-adulti-e-leffetto-al-contrario-della-linea-no-vax","status":"publish","type":"post","link":"https:\/\/www.radioluna.it\/news\/2018\/09\/latina-vaccinazioni-in-aumento-tra-gli-adulti-e-leffetto-al-contrario-della-linea-no-vax\/","title":{"rendered":"Latina, vaccinazioni in aumento tra gli adulti"},"content":{"rendered":"<div id=\"fb-root\"><\/div>\n<p style=\"text-align: justify;\"><strong>LATINA &#8211;<\/strong> Aumenta a Latina, il numero degli adulti che decide di vaccinarsi, sono circa 7000 l&#8217;anno in tutto il territorio della Asl: \u00e8 l&#8217;effetto (benefico) del dibattito, a tratti anche molto aspro, suscitato dai no-vax. In sostanza, un ritorno d&#8217;attenzione anche da parte di chi si considerava ormai fuori dalla fascia da proteggere e che vuole mettersi al sicuro da contagi indesiderati.<\/p>\n<p style=\"text-align: justify;\"><strong>IL BOOM<\/strong> &#8211; &#8220;Sicuramente il fatto che l&#8217;argomento sia tornato all&#8217;attenzione dell&#8217;opinione pubblica, ha aiutato. Inoltre, l&#8217;epidemia di morbillo che abbiamo avuto lo scorso anno ha risvegliato nelle persone la percezione della malattia, cosa utile a far capire come sia importante vaccinarsi, quando le malattie sono\u00a0prevenibili con vaccino&#8221;, dice la dottoressa Patricia Porcelli, dirigente della Uos di Prevenzione della Asl di Latina. Del resto i conti sono presto fatti: nell&#8217;ambulatorio di Viale Le Corbusier &#8211;\u00a0 che \u00e8 anche punto di riferimento per la\u00a0 cosiddetta medicina dei viaggi &#8211; fino a qualche tempo fa bastava presentarsi con la propria documentazione e chiedere la prestazione. Oggi, al contrario,\u00a0 bisogna prenotare, l&#8217;agenda \u00e8 affollata e segnala una corposa lista d&#8217;attesa, sei mesi circa, che il servizio cerca di fronteggiare valutando l&#8217;urgenza caso per caso.<\/p>\n<p><strong>ASCOLTA\u00a0 LA DOTTORESSA PATRICIA PORCELLI<\/strong><\/p>\n<audio class=\"wp-audio-shortcode\" id=\"audio-230561-1\" preload=\"none\" style=\"width: 100%;\" controls=\"controls\"><source type=\"audio\/mpeg\" src=\"https:\/\/www.radioluna.it\/news\/wp-content\/uploads\/2018\/09\/porcelli.mp3?_=1\" \/><a href=\"https:\/\/www.radioluna.it\/news\/wp-content\/uploads\/2018\/09\/porcelli.mp3\">https:\/\/www.radioluna.it\/news\/wp-content\/uploads\/2018\/09\/porcelli.mp3<\/a><\/audio>\n<p style=\"text-align: justify;\"><strong>IL MORBILLO<\/strong> &#8211; Il morbillo \u00e8 stato contratto nel 2017 da molti giovani-adulti della provincia di Latina (individui tra i 15 e i 39 anni) e non si \u00e8 fermato ai sintomi classici, ovvero febbre alta ed esantema, che gi\u00e0 sono molto fastidiosi. Questa\u00a0malattia, potenzialmente mortale, ma di cui si fa fatica ancora a cogliere la gravit\u00e0,\u00a0 ha dato complicanze a livello respiratorio, epatico e\u00a0 gastroenterico. Con il risultato di una pubblicit\u00e0 involontaria al vaccino che, peraltro, \u00e8 gratuito (e consigliato) anche per gli\u00a0 adulti.<\/p>\n<p style=\"text-align: justify;\"><strong>PREVENIRE LA MENINGITE<\/strong> &#8211; C&#8217;\u00e8 poi la perenne paura per la meningite nelle sue varie forme, che ciclicamente si ripropone all&#8217;attenzione generale con casi drammatici che fanno da campanello d&#8217;allarme: &#8220;Oggi abbiamo disponibili\u00a0 due tipi di vaccino &#8211; spiega la dottoressa Porcelli &#8211; il quadrivalente coniugato contro i ceppi A-C-Y-W, gratuito fino al giorno precedente il compimento del 19\u00b0anno di et\u00e0; e quello contro il meningococco B, offerto gratuitamente ai nuovi nati e a prezzo agevolato per gli adulti che ne fanno\u00a0 richiesta&#8221;.<\/p>\n<p style=\"text-align: justify;\"><strong>DONNE IN ETA&#8217; FERTILE<\/strong>\u00a0<strong>E IN GRAVIDANZA-<\/strong> Il Dipartimento di Prevenzione sta spingendo molto sulla prevenzione nelle donne in et\u00e0 fertile: &#8220;Morbillo, rosolia e varicella, oltre alla vaccinazione contro il papilloma virus che \u00e8 raccomandata e la vaccinazione antinfluenzale per le donne in gravidanza&#8221;. Per queste ultime ovviamente non esiste lista d&#8217;attesa e possono presentarsi liberamente nell&#8217;ambulatorio di Viale Le Corbusier (nei giorni indicati). &#8220;Per le donne in gravidanza stiamo partendo anche con una campagna di sensibilizzazione per la vaccinazione contro difterite, tetano e pertosse, viene offerta gratuitamente ed \u00e8 consigliatissima per cercare di proteggere il neonato dalla pertosse prima che possa essere vaccinato&#8221;, aggiunge Porcelli.<\/p>\n<p style=\"text-align: justify;\"><strong>RICHIAMI CONSIGLIATI E NOVITA&#8217;<\/strong> &#8211; Per tutti \u00e8 raccomandato ogni 10 anni un richiamo antidifterite, antitetano e antipertosse. E da quest&#8217;anno ci sono due novit\u00e0, l&#8217;offerta gratuita e attiva del vaccino contro l&#8217;herpes zoster per i nati nel &#8217;52 e &#8217;53 e la vaccinazione contro il papilloma virus anche per gli uomini: &#8220;E&#8217; novevalente, contro i nove ceppi\u00a0 maggiormente responsabili per la donna dei tumori del collo dell&#8217;utero e della vagina e per gli uomini dei tumori del pene, dei condilomi e dei tumori del collo, quindi \u00e8 sicuramente consigliabile: pi\u00f9 presto si vaccinano e pi\u00f9 efficace \u00e8 la risposta&#8221;.<\/p>\n<p style=\"text-align: justify;\"><strong>GLI IMMIGRATI <\/strong>&#8211; &#8220;Gli immigrati che sbarcano da noi hanno superato una sorta di selezione naturale, quindi arrivano, in genere, soggetti in buona salute. Comunque, al momento dello sbarco\u00a0 nei porti vengono sottoposti ad un primo controllo sanitario che esclude malattie clinicamente in atto e poi controllati nel tempo a venire dai responsabili dei centri in cui permangono. Una circolare del ministero della Salute consiglia inoltre il vaccino antipolio per i migranti provenienti dai dieci Paesi africani in cui la poliomielite esiste ancora. In questi casi sono i centri di permanenza a inviarceli e fra poco saranno vaccinati anche contro difterite, tetano, pertosse e contro il morbillo&#8221;, conclude Porcelli.<\/p>\n<p>Per info: Servizio Prevenzione Malattie Infettive<br \/>\nTel. 0773\/6556867<br \/>\nC.C. \u201cLe Corbusier\u201d ,Viale Le Corbusier, scala C, 2\u00b0 piano \u2013 04100 Latina<\/p>\n<div class=\"radio-posizionamento-telefono-in-articoli-dopo-il-contenuto-articolo radio-entity-placement\" id=\"radio-3036387914\"><div id=\"radio-997821544\" style=\"width: 300px;height: 250px;\"><a href=\"https:\/\/www.icarspa.it\/auto\/usate\/latina\/\" aria-label=\"banner aprile icar new life &#8211; auto usate latina\"><img loading=\"lazy\" decoding=\"async\" src=\"https:\/\/www.radioluna.it\/news\/wp-content\/uploads\/2026\/02\/banner-aprile-icar-new-life-auto-usate-latina.gif\" alt=\"\"  width=\"300\" height=\"250\"   \/><\/a><\/div><\/div>","protected":false},"excerpt":{"rendered":"<p>LATINA &#8211; Aumenta a Latina, il numero degli adulti che decide di vaccinarsi, sono circa 7000 l&#8217;anno in tutto il territorio della Asl: \u00e8 l&#8217;effetto (benefico) del dibattito, a tratti anche molto aspro, suscitato dai no-vax. In sostanza, un ritorno d&#8217;attenzione anche da parte di chi si considerava ormai fuori dalla fascia da proteggere e [&hellip;]<\/p>\n","protected":false},"author":62,"featured_media":230574,"comment_status":"open","ping_status":"open","sticky":false,"template":"","format":"standard","meta":{"footnotes":""},"categories":[2310,2616],"tags":[],"class_list":["post-230561","post","type-post","status-publish","format-standard","has-post-thumbnail","hentry","category-audio","category-sanita"],"_links":{"self":[{"href":"https:\/\/www.radioluna.it\/news\/wp-json\/wp\/v2\/posts\/230561","targetHints":{"allow":["GET"]}}],"collection":[{"href":"https:\/\/www.radioluna.it\/news\/wp-json\/wp\/v2\/posts"}],"about":[{"href":"https:\/\/www.radioluna.it\/news\/wp-json\/wp\/v2\/types\/post"}],"author":[{"embeddable":true,"href":"https:\/\/www.radioluna.it\/news\/wp-json\/wp\/v2\/users\/62"}],"replies":[{"embeddable":true,"href":"https:\/\/www.radioluna.it\/news\/wp-json\/wp\/v2\/comments?post=230561"}],"version-history":[{"count":0,"href":"https:\/\/www.radioluna.it\/news\/wp-json\/wp\/v2\/posts\/230561\/revisions"}],"wp:featuredmedia":[{"embeddable":true,"href":"https:\/\/www.radioluna.it\/news\/wp-json\/wp\/v2\/media\/230574"}],"wp:attachment":[{"href":"https:\/\/www.radioluna.it\/news\/wp-json\/wp\/v2\/media?parent=230561"}],"wp:term":[{"taxonomy":"category","embeddable":true,"href":"https:\/\/www.radioluna.it\/news\/wp-json\/wp\/v2\/categories?post=230561"},{"taxonomy":"post_tag","embeddable":true,"href":"https:\/\/www.radioluna.it\/news\/wp-json\/wp\/v2\/tags?post=230561"}],"curies":[{"name":"wp","href":"https:\/\/api.w.org\/{rel}","templated":true}]}}