{"id":230641,"date":"2018-09-30T06:47:54","date_gmt":"2018-09-30T04:47:54","guid":{"rendered":"https:\/\/www.radioluna.it\/news\/?p=230641"},"modified":"2018-09-30T10:45:09","modified_gmt":"2018-09-30T08:45:09","slug":"nastro-rosa-2018-lapertura-e-domenica-a-minturno","status":"publish","type":"post","link":"https:\/\/www.radioluna.it\/news\/2018\/09\/nastro-rosa-2018-lapertura-e-domenica-a-minturno\/","title":{"rendered":"Nastro Rosa 2018, l&#8217;apertura \u00e8 a Minturno"},"content":{"rendered":"<div id=\"fb-root\"><\/div>\n<p><em>(anche il palazzo della Prefettura di Latina iene fatto illuminare di Rosa nel mese della prevenzione)\u00a0<\/em><\/p>\n<p style=\"text-align: justify;\"><strong>LATINA<\/strong> &#8211; Prevenire il tumore al seno facendo i controlli periodici consigliati, perch\u00e9 &#8220;Prevenire \u00e8 Vivere&#8221;. Torna con il suo messaggio positivo, che \u00e8 anche una forte raccomandazione rivolta alle donne, la campagna Ottobre Rosa promossa ogni anno dalla Lilt. Partecipano attivamente anche la Lega Italiana per la Lotta contro i Tumori sezione provinciale di Latina e la Delegazione sud-pontino, in campo con l&#8217;obiettivo di insegnare la cultura della prevenzione come buona prassi di vita.<\/p>\n<p style=\"text-align: justify;\">&#8220;Ogni anno &#8211; spiegano dalla Lilt &#8211; la nostra Associazione in collaborazione con la Asl offre gratuitamente centinaia di visite presso la Breast Unit del Goretti di Latina oltre a convegni informativi e divulgativi per una nuova cultura della prevenzione&#8221;.<\/p>\n<p style=\"text-align: justify;\">Quest&#8217;anno l&#8217;apertura della Campagna Mondiale Nastro Rosa 2018 in provincia di Latina si terr\u00e0 a Minturno (nel 2017 era stata Terracina ad ospitarla e prima ancora Roccagorga e Sabaudia). Nell&#8217;aula consiliare del Comune del sud pontino, alle 10.30 del 30 settembre prossimo sar\u00e0\u00a0 un appuntamento\u00a0 di approfondimento che vedr\u00e0 insieme LILT, ASL,\u00a0 Breast Unit di Latina, l\u2019Universit\u00e0 Sapienza di Roma \u2013 Polo Pontino, e ancora associazioni, istituzioni e cittadini.<\/p>\n<p style=\"text-align: justify;\">Una campagna che sar\u00e0 richiamata anche dalla luce rosa che illuminter\u00e0 monumenti e palazzi istituzionali dei comuni pontini e non solo. &#8220;Per l&#8217;occasione\u00a0 &#8211; ricordano dalla Lilt\u00a0 &#8211; sar\u00e0 illuminato di rosa il castello baronale di Minturno. Poi dal primo ottobre altri monumenti caratteristici si illumineranno di rosa, nei vari Comuni della Provincia, come segno di adesione alla Campagna Mondiale e per ricordare alle donne che \u201cPrevenire \u00e8 Vivere\u201d.<\/p>\n<p style=\"text-align: justify;\"><strong>UN PO&#8217; DI STORIA\u00a0<\/strong> &#8211;\u00a0 Creata nel 1992 negli Stati Uniti dalla famosa imprenditrice dei cosmetici Evelyn Lauder e promossa in tutto il mondo, la Campagna Mondiale Nastro Rosa ha l\u2019obiettivo di sensibilizzare le donne sull\u2019importanza della prevenzione e della diagnosi precoce del tumore al seno e di informarle sugli stili di vita salutari da adottare e sui controlli da effettuare a seconda dell\u2019et\u00e0.<\/p>\n","protected":false},"excerpt":{"rendered":"<p>(anche il palazzo della Prefettura di Latina iene fatto illuminare di Rosa nel mese della prevenzione)\u00a0 LATINA &#8211; Prevenire il tumore al seno facendo i controlli periodici consigliati, perch\u00e9 &#8220;Prevenire \u00e8 Vivere&#8221;. Torna con il suo messaggio positivo, che \u00e8 anche una forte raccomandazione rivolta alle donne, la campagna Ottobre Rosa promossa ogni anno dalla [&hellip;]<\/p>\n","protected":false},"author":62,"featured_media":185122,"comment_status":"open","ping_status":"open","sticky":false,"template":"","format":"standard","meta":{"footnotes":""},"categories":[16],"tags":[],"class_list":["post-230641","post","type-post","status-publish","format-standard","has-post-thumbnail","hentry","category-appuntamenti"],"_links":{"self":[{"href":"https:\/\/www.radioluna.it\/news\/wp-json\/wp\/v2\/posts\/230641","targetHints":{"allow":["GET"]}}],"collection":[{"href":"https:\/\/www.radioluna.it\/news\/wp-json\/wp\/v2\/posts"}],"about":[{"href":"https:\/\/www.radioluna.it\/news\/wp-json\/wp\/v2\/types\/post"}],"author":[{"embeddable":true,"href":"https:\/\/www.radioluna.it\/news\/wp-json\/wp\/v2\/users\/62"}],"replies":[{"embeddable":true,"href":"https:\/\/www.radioluna.it\/news\/wp-json\/wp\/v2\/comments?post=230641"}],"version-history":[{"count":0,"href":"https:\/\/www.radioluna.it\/news\/wp-json\/wp\/v2\/posts\/230641\/revisions"}],"wp:featuredmedia":[{"embeddable":true,"href":"https:\/\/www.radioluna.it\/news\/wp-json\/wp\/v2\/media\/185122"}],"wp:attachment":[{"href":"https:\/\/www.radioluna.it\/news\/wp-json\/wp\/v2\/media?parent=230641"}],"wp:term":[{"taxonomy":"category","embeddable":true,"href":"https:\/\/www.radioluna.it\/news\/wp-json\/wp\/v2\/categories?post=230641"},{"taxonomy":"post_tag","embeddable":true,"href":"https:\/\/www.radioluna.it\/news\/wp-json\/wp\/v2\/tags?post=230641"}],"curies":[{"name":"wp","href":"https:\/\/api.w.org\/{rel}","templated":true}]}}