{"id":230729,"date":"2018-09-26T13:06:14","date_gmt":"2018-09-26T11:06:14","guid":{"rendered":"https:\/\/www.radioluna.it\/news\/?p=230729"},"modified":"2018-09-26T13:17:21","modified_gmt":"2018-09-26T11:17:21","slug":"troppi-piccioni-al-cimitero-escrementi-sulle-tombe-richiamo-a-ipogeo","status":"publish","type":"post","link":"https:\/\/www.radioluna.it\/news\/2018\/09\/troppi-piccioni-al-cimitero-escrementi-sulle-tombe-richiamo-a-ipogeo\/","title":{"rendered":"Troppi piccioni al cimitero, escrementi sulle tombe, richiamo a Ipogeo"},"content":{"rendered":"<div id=\"fb-root\"><\/div>\n<p style=\"text-align: justify;\"><strong>LATINA<\/strong> &#8211; &#8220;Il cimitero di Latina \u00e8 invaso da piccioni i cui escrementi non passano inosservati per il cattivo odore, che diffondono, e per le tracce evidenti sulle lapidi e perfino all\u2019interno delle cappelle dove nidificano&#8221;. Lo segnala la consigliera comunale Matilde Celentano che per descrivere la situazione richiama addirittura vecchia pellicola \u201cUccelli\u201d di Hitchoock. In effetti il problema \u00e8 quantomai sgradevole. &#8220;Le pulizie vengono effettuate con apposito macchinario soltanto a terra, mentre i piccioni sporcano ovunque e imbrattano le lapidi&#8221;, sottolinea ancora Celentano che chiede agli\u00a0assessori, Roberto Lessio ed Emilio Ranieri, &#8220;di attivarsi immediatamente presso gli uffici competenti per una rapida e idonea soluzione al problema dei piccioni&#8221;.<\/p>\n<p style=\"text-align: justify;\"><strong>LA RISPOSTA<\/strong> &#8211; &#8220;La pulizia e la manutenzione sono a carico della Ipogeo\u00a0 &#8211; \u00e8 la risposta dell&#8217;assessore Ranieri &#8211; Abbiamo gi\u00e0 dato mandato agli uffici di verificare e sollecitare la societ\u00e0 che gestisce il cimitero&#8221;.<\/p>\n<p style=\"text-align: justify;\"><strong>I SERVIZI\u00a0<\/strong> &#8211; E&#8217; la stessa Ipogeo alla voce &#8220;servizi&#8221;, sul sito istituzionale a spiegare che &#8220;alla gestione del complesso cimiteriale \u00e8 riservata una particolare attenzione, specie nell\u2019erogazione di quei servizi che quotidianamente rispondono alle esigenze dell\u2019intera cittadinanza&#8221; e che\u00a0&#8220;la struttura cimiteriale dovr\u00e0 essere al servizio del Cittadino che potr\u00e0 constatare direttamente il livello di qualit\u00e0 dei servizi a fronte di un contributo annuale relativo alle spese di mantenimento&#8221;. Al primo punto tra i servizi erogati figurano proprio &#8220;i servizi di pulizia interna, esterna e delle aree verdi&#8221;.<\/p>\n","protected":false},"excerpt":{"rendered":"<p>LATINA &#8211; &#8220;Il cimitero di Latina \u00e8 invaso da piccioni i cui escrementi non passano inosservati per il cattivo odore, che diffondono, e per le tracce evidenti sulle lapidi e perfino all\u2019interno delle cappelle dove nidificano&#8221;. Lo segnala la consigliera comunale Matilde Celentano che per descrivere la situazione richiama addirittura vecchia pellicola \u201cUccelli\u201d di Hitchoock. [&hellip;]<\/p>\n","protected":false},"author":62,"featured_media":111392,"comment_status":"open","ping_status":"open","sticky":false,"template":"","format":"standard","meta":{"footnotes":""},"categories":[7],"tags":[],"class_list":["post-230729","post","type-post","status-publish","format-standard","has-post-thumbnail","hentry","category-cronaca"],"_links":{"self":[{"href":"https:\/\/www.radioluna.it\/news\/wp-json\/wp\/v2\/posts\/230729","targetHints":{"allow":["GET"]}}],"collection":[{"href":"https:\/\/www.radioluna.it\/news\/wp-json\/wp\/v2\/posts"}],"about":[{"href":"https:\/\/www.radioluna.it\/news\/wp-json\/wp\/v2\/types\/post"}],"author":[{"embeddable":true,"href":"https:\/\/www.radioluna.it\/news\/wp-json\/wp\/v2\/users\/62"}],"replies":[{"embeddable":true,"href":"https:\/\/www.radioluna.it\/news\/wp-json\/wp\/v2\/comments?post=230729"}],"version-history":[{"count":0,"href":"https:\/\/www.radioluna.it\/news\/wp-json\/wp\/v2\/posts\/230729\/revisions"}],"wp:featuredmedia":[{"embeddable":true,"href":"https:\/\/www.radioluna.it\/news\/wp-json\/wp\/v2\/media\/111392"}],"wp:attachment":[{"href":"https:\/\/www.radioluna.it\/news\/wp-json\/wp\/v2\/media?parent=230729"}],"wp:term":[{"taxonomy":"category","embeddable":true,"href":"https:\/\/www.radioluna.it\/news\/wp-json\/wp\/v2\/categories?post=230729"},{"taxonomy":"post_tag","embeddable":true,"href":"https:\/\/www.radioluna.it\/news\/wp-json\/wp\/v2\/tags?post=230729"}],"curies":[{"name":"wp","href":"https:\/\/api.w.org\/{rel}","templated":true}]}}