{"id":230795,"date":"2018-09-27T19:52:58","date_gmt":"2018-09-27T17:52:58","guid":{"rendered":"https:\/\/www.radioluna.it\/news\/?p=230795"},"modified":"2018-09-29T07:08:07","modified_gmt":"2018-09-29T05:08:07","slug":"due-bambine-bocciate-in-una-scuola-primaria-di-latina-una-maestra-scrive-al-ministro-bussetti","status":"publish","type":"post","link":"https:\/\/www.radioluna.it\/news\/2018\/09\/due-bambine-bocciate-in-una-scuola-primaria-di-latina-una-maestra-scrive-al-ministro-bussetti\/","title":{"rendered":"Due bambine bocciate in una scuola primaria di Latina, una maestra scrive al Ministro Bussetti"},"content":{"rendered":"<div id=\"fb-root\"><\/div>\n<p style=\"text-align: justify;\"><strong>LATINA<\/strong> &#8211; <strong>Due\u00a0bambine bocciate alla scuola primaria<\/strong>. E&#8217; accaduto in un istituto comprensivo di Latina e rischia ora di diventare un caso nazionale, perch\u00e9 una maestra in profondo disaccordo con la linea seguita dalla scuola, e dopo aver espresso voto contrario, ha scritto al ministro Marco Bussetti e all&#8217;ufficio scolastico regionale chiedendo di valutare la questione. &#8220;La legge \u2013 spiega l&#8217;insegnante Maria Concetta Majmone\u00a0 &#8211; stabilisce l&#8217;ammissione alla classe successiva &#8220;anche in presenza di livelli di apprendimento parzialmente raggiunti o in via di prima acquisizione&#8221;.<\/p>\n<p style=\"text-align: justify;\">Lo spirito del legislatore \u00e8 stato in pratica quello di considerare centrale l&#8217;inclusione, con l&#8217;indicazione di attivare prima degli scrutini finali, tutte le misure di accompagnamento possibili per non lasciare indietro nessuno. Soprattutto in presenza di bambini svantaggiati, come \u00e8 il caso di specie.<\/p>\n<p style=\"text-align: justify;\"><strong>BOCCIATURA SOLO SE<\/strong> &#8211; &#8220;I docenti della classe, in sede di scrutinio, con decisione assunta all&#8217;unanimit\u00e0, possono non ammettere l&#8217;alunno o l&#8217;alunna alla classe successiva solo in casi eccezionali e comprovati da specifica motivazione&#8221;, rimarca la maestra. E invece nella scuola Vito Fabiano di Latina \u00e8 andata diversamente per due bambine non italiane: una bambina \u00e8 stata bocciata in prima (i genitori hanno peraltro presentato ricorso al Tar), mentre un&#8217;altra \u00e8 stata fermata due volte in seconda classe, dopo la cosiddetta passerella ovvero il ritorno in prima classe seguito alla prima bocciatura.<\/p>\n<p style=\"text-align: justify;\"><strong>BOCCIATURA A MAGGIORANZA<\/strong> &#8211;\u00a0 Racconta l&#8217;insegnante: &#8220;In una delle classi prime della mia Scuola accade che, sotto la precedente dirigenza, al termine dell\u2019anno scolastico 2017\/2018, <strong>un\u2019alunna straniera viene bocciata nonostante io (membro del Consiglio di classe) abbia espresso voto contrario<\/strong> con ampie e dettagliate motivazioni, comprovanti l\u2019inopportunit\u00e0 assoluta che la bambina in questione ripetesse la classe prima. Pu\u00f2 davvero una scuola bocciare un\u2019alunna della primaria a maggioranza?, si chiede Maria Concetta Majmone.<\/p>\n<p style=\"text-align: justify;\"><strong>C&#8217;\u00e8 poi un secondo caso<\/strong>: &#8220;Un&#8217;altra alunna, nell\u2019anno scolastico 2015\/2016, ossia al termine della classe prima, viene regolarmente ammessa alla classe successiva. Nell\u2019anno scolastico successivo frequenta la classe seconda, al termine della quale, per\u00f2, non viene ammessa alla classe terza. La bambina viene quindi nuovamente iscritta nella classe seconda come ripetente, ma durante il corso dell\u2019anno scolastico viene tolta dalla sua classe e posta ufficiosamente nella classe prima, secondo una modalit\u00e0 alla quale viene attribuito il nome di \u201cpasserella\u201d&#8221;.\u00a0 Qui la bambina resta fino alla fine dell&#8217;anno quando\u00a0\u00a0viene nuovamente, per la seconda volta consecutiva, bocciata: &#8220;Ma non viene bocciata dalle insegnanti di prima, le insegnanti \u201cufficiose\u201d a cui \u00e8 stata affidata in corso d&#8217;anno, ma da quelle di seconda, quelle \u201cufficiali\u201d, che di fatto, per l\u2019intero secondo quadrimestre, non hanno mai avuto in classe la bambina&#8221;.<\/p>\n<p style=\"text-align: justify;\"><strong>IL VOTO CONTRARIO<\/strong> &#8211; <strong>La maestra (docente della classe ufficiosa) vota contro la bocciatura<\/strong> &#8220;per le gravi ripercussioni negative che avrebbe potuto avere nella vita di una bambina gi\u00e0 svantaggiata per motivi socio-culturali una simile retrocessione nel processo formativo&#8221;, ma la scuola tira dritto. <strong>&#8220;La scuola dovrebbe essere una comunit\u00e0 integrante, basata su processi formativi anche interculturali.<\/strong> In conseguenza di ci\u00f2, essa deve evitare esclusioni ed emarginazioni di ogni tipo e deve assicurare a tutti gli alunni pari opportunit\u00e0 formative, operando, se necessario, una discriminazione positiva, dando, cio\u00e8, di pi\u00f9 a chi ha di meno: gli eventuali elementi di svantaggio, anche quelli di carattere etnico-culturale, non devono costituire, quindi, ulteriori ostacoli al processo formativo dei singoli, processo che deve conservare carattere di continuit\u00e0 evolutiva, pur avvenendo con lieve gradualit\u00e0, adeguata alle caratteristiche peculiari di certe personalit\u00e0&#8221;.<\/p>\n<p style=\"text-align: justify;\"><strong>A GIUGNO LA DENUNCIA<\/strong> &#8211; <strong>Dopo gli scrutini finali, parte la denuncia al Ministro e all&#8217;ufficio scolastico regionale<\/strong>, che invier\u00e0 gli ispettori. Intanto, l&#8217;anno scolastico \u00e8 cominciato e una bambina di 7 anni siede accanto a compagni di 6 e una di nove si ritrova al banco con alunni di 7. &#8220;Un loro positivo intervento\u00a0 &#8211; conclude la dottoressa Majome &#8211; eviter\u00e0 che certi fatti possano ripetersi. La soluzione in senso positivo del caso in questione non solo alimenter\u00e0 la fiducia della comunit\u00e0 sociale nelle Istituzioni, ma render\u00e0 giustizia alle bambine e alle famiglie in questione doppiamente colpite da un ingiusto danno&#8221;.<\/p>\n<p>&nbsp;<\/p>\n","protected":false},"excerpt":{"rendered":"<p>LATINA &#8211; Due\u00a0bambine bocciate alla scuola primaria. E&#8217; accaduto in un istituto comprensivo di Latina e rischia ora di diventare un caso nazionale, perch\u00e9 una maestra in profondo disaccordo con la linea seguita dalla scuola, e dopo aver espresso voto contrario, ha scritto al ministro Marco Bussetti e all&#8217;ufficio scolastico regionale chiedendo di valutare la [&hellip;]<\/p>\n","protected":false},"author":62,"featured_media":230847,"comment_status":"open","ping_status":"open","sticky":false,"template":"","format":"standard","meta":{"footnotes":""},"categories":[248],"tags":[],"class_list":["post-230795","post","type-post","status-publish","format-standard","has-post-thumbnail","hentry","category-istruzione"],"_links":{"self":[{"href":"https:\/\/www.radioluna.it\/news\/wp-json\/wp\/v2\/posts\/230795","targetHints":{"allow":["GET"]}}],"collection":[{"href":"https:\/\/www.radioluna.it\/news\/wp-json\/wp\/v2\/posts"}],"about":[{"href":"https:\/\/www.radioluna.it\/news\/wp-json\/wp\/v2\/types\/post"}],"author":[{"embeddable":true,"href":"https:\/\/www.radioluna.it\/news\/wp-json\/wp\/v2\/users\/62"}],"replies":[{"embeddable":true,"href":"https:\/\/www.radioluna.it\/news\/wp-json\/wp\/v2\/comments?post=230795"}],"version-history":[{"count":0,"href":"https:\/\/www.radioluna.it\/news\/wp-json\/wp\/v2\/posts\/230795\/revisions"}],"wp:featuredmedia":[{"embeddable":true,"href":"https:\/\/www.radioluna.it\/news\/wp-json\/wp\/v2\/media\/230847"}],"wp:attachment":[{"href":"https:\/\/www.radioluna.it\/news\/wp-json\/wp\/v2\/media?parent=230795"}],"wp:term":[{"taxonomy":"category","embeddable":true,"href":"https:\/\/www.radioluna.it\/news\/wp-json\/wp\/v2\/categories?post=230795"},{"taxonomy":"post_tag","embeddable":true,"href":"https:\/\/www.radioluna.it\/news\/wp-json\/wp\/v2\/tags?post=230795"}],"curies":[{"name":"wp","href":"https:\/\/api.w.org\/{rel}","templated":true}]}}