{"id":230807,"date":"2018-09-28T07:39:23","date_gmt":"2018-09-28T05:39:23","guid":{"rendered":"https:\/\/www.radioluna.it\/news\/?p=230807"},"modified":"2018-09-28T07:39:23","modified_gmt":"2018-09-28T05:39:23","slug":"terremoti-quanto-sono-a-rischio-gli-edifici-di-latinaun-infopoint-per-scoprirlo","status":"publish","type":"post","link":"https:\/\/www.radioluna.it\/news\/2018\/09\/terremoti-quanto-sono-a-rischio-gli-edifici-di-latinaun-infopoint-per-scoprirlo\/","title":{"rendered":"Terremoti, quanto sono a rischio gli edifici di Latina?Un infopoint per scoprirlo"},"content":{"rendered":"<div id=\"fb-root\"><\/div>\n<p style=\"text-align: justify;\">LATINA &#8211; Domenica 30 settembre, a Latina, ingeneri e architetti in piazza del Popolo per la prima Giornata Nazionale della Prevenzione Sismica. In Piazza del Popolo gli esperti in materia, coordinati dai rispettivi Ordini territoriali saranno a disposizione dei cittadini per spiegare in modo semplice cosa significhi il rischio sismico, le variabili che possono incidere sulla sicurezza di un edificio e le agevolazioni oggi a disposizione per migliorare la sicurezza della propria abitazione a spese quasi zero.<\/p>\n<p style=\"text-align: justify;\">Ci sar\u00e0 un infopoint per offrire gratuitamente la valutazione dello stato di rischio degli edifici e le notizie sul Sisma Bonus, che\u00a0 sar\u00e0 allestito in Piazza del Popolo dalle ore 10.00 alle ore 18.00.\u00a0I sopralluoghi potranno essere prenotati attraverso il portale\u00a0www. giornataprevenzionesismica.it\u00a0dal 30 settembre al 20 novembre e saranno effettuati per tutto il mese di novembre, mese della prevenzione sismica. Infopoint saranno presenti nelle piazze di: Aprilia, Cisterna, Pontinia, Terracina, Fondi, Formia, Itri, Minturno, Priverno, Sezze, Norma e Sonnino.<\/p>\n<p style=\"text-align: justify;\">&lt; Un Paese pi\u00f9 sicuro \u2013\u00a0spiega il presidente degli Ingegneri Giovanni Pol \u2013 dove il paesaggio \u00e8 tutelato e il patrimonio difeso, \u00e8 anche un Paese pi\u00f9 competitivo e con maggiori potenzialit\u00e0 di crescita e sviluppo&gt;. Secondo l&#8217;Arch. Massimo Rosolini, presidente dell\u2019Ordine degli Architetti di Latina: &lt; Questa lodevole iniziativa costituisce per i nostri Ordini l&#8217;occasione per attirare la maggiore attenzione sul tema della sicurezza del patrimonio edilizio esistente. Si percepisce l&#8217;intenzione di cambiare l&#8217;approccio del problema legato alla prevenzione sismica. Viviamo in un paese ad elevato rischio sismico e come esperti siamo obbligati a mettere a disposizione le nostre competenze, affinch\u00e9 la vita di ogni singolo cittadino sia in futuro sempre pi\u00f9 al sicuro&gt;.<\/p>\n<p style=\"text-align: justify;\">L\u2019iniziativa \u00e8 promossa da\u00a0Fondazione Inarcassa, Consiglio nazionale degli Ingegneri e Consiglio nazionale degli Architetti\u00a0con il supporto scientifico del\u00a0Consiglio Superiore dei Lavori pubblici, Dipartimento della Protezione Civile, Conferenza dei Rettori Universit\u00e0 Italiane\u00a0e della Rete dei\u00a0Laboratori Universitari di Ingegneria Sismica, per favorire una cultura della prevenzione sismica e un concreto miglioramento delle condizioni di sicurezza del patrimonio immobiliare del nostro Paese.<\/p>\n<p style=\"text-align: justify;\">Il Comune di Latina &#8211; commenta l\u2019assessore Emilio Ranieri &#8211; plaude all&#8217;iniziativa nazionale degli ordini professionali e invita i cittadini al gazebo informativo che gli Ordini Provinciali allestiranno domenica 30 settembre. Latina non \u00e8 una citt\u00e0 ad alto rischio sismico ma \u00e8 importante conoscere le dinamiche dei terremoti e i rischi che corrono le nostre abitazioni, i colleghi nelle piazze italiane sapranno dare utili suggerimenti ed informazioni sul rischio sismico. Per questo l&#8217;assessorato ha concesso il patrocinio per una iniziativa di alto valore civico\u00bb.<\/p>\n<p>&nbsp;<\/p>\n<div class=\"radio-posizionamento-telefono-in-articoli-dopo-il-contenuto-articolo radio-entity-placement\" id=\"radio-1593285364\"><div id=\"radio-3120387828\" style=\"width: 300px;height: 250px;\"><a href=\"https:\/\/www.icarspa.it\/auto\/usate\/latina\/\" aria-label=\"banner aprile icar new life &#8211; auto usate latina\"><img loading=\"lazy\" decoding=\"async\" src=\"https:\/\/www.radioluna.it\/news\/wp-content\/uploads\/2026\/02\/banner-aprile-icar-new-life-auto-usate-latina.gif\" alt=\"\"  width=\"300\" height=\"250\"   \/><\/a><\/div><\/div>","protected":false},"excerpt":{"rendered":"<p>LATINA &#8211; Domenica 30 settembre, a Latina, ingeneri e architetti in piazza del Popolo per la prima Giornata Nazionale della Prevenzione Sismica. In Piazza del Popolo gli esperti in materia, coordinati dai rispettivi Ordini territoriali saranno a disposizione dei cittadini per spiegare in modo semplice cosa significhi il rischio sismico, le variabili che possono incidere [&hellip;]<\/p>\n","protected":false},"author":62,"featured_media":230809,"comment_status":"open","ping_status":"open","sticky":false,"template":"","format":"standard","meta":{"footnotes":""},"categories":[16],"tags":[],"class_list":["post-230807","post","type-post","status-publish","format-standard","has-post-thumbnail","hentry","category-appuntamenti"],"_links":{"self":[{"href":"https:\/\/www.radioluna.it\/news\/wp-json\/wp\/v2\/posts\/230807","targetHints":{"allow":["GET"]}}],"collection":[{"href":"https:\/\/www.radioluna.it\/news\/wp-json\/wp\/v2\/posts"}],"about":[{"href":"https:\/\/www.radioluna.it\/news\/wp-json\/wp\/v2\/types\/post"}],"author":[{"embeddable":true,"href":"https:\/\/www.radioluna.it\/news\/wp-json\/wp\/v2\/users\/62"}],"replies":[{"embeddable":true,"href":"https:\/\/www.radioluna.it\/news\/wp-json\/wp\/v2\/comments?post=230807"}],"version-history":[{"count":0,"href":"https:\/\/www.radioluna.it\/news\/wp-json\/wp\/v2\/posts\/230807\/revisions"}],"wp:featuredmedia":[{"embeddable":true,"href":"https:\/\/www.radioluna.it\/news\/wp-json\/wp\/v2\/media\/230809"}],"wp:attachment":[{"href":"https:\/\/www.radioluna.it\/news\/wp-json\/wp\/v2\/media?parent=230807"}],"wp:term":[{"taxonomy":"category","embeddable":true,"href":"https:\/\/www.radioluna.it\/news\/wp-json\/wp\/v2\/categories?post=230807"},{"taxonomy":"post_tag","embeddable":true,"href":"https:\/\/www.radioluna.it\/news\/wp-json\/wp\/v2\/tags?post=230807"}],"curies":[{"name":"wp","href":"https:\/\/api.w.org\/{rel}","templated":true}]}}