{"id":230905,"date":"2018-09-30T08:35:50","date_gmt":"2018-09-30T06:35:50","guid":{"rendered":"https:\/\/www.radioluna.it\/news\/?p=230905"},"modified":"2018-10-01T11:32:59","modified_gmt":"2018-10-01T09:32:59","slug":"auto-fuori-controllo-finisce-nel-bar-sulla-ninfina-2-gravissima-una-ragazza","status":"publish","type":"post","link":"https:\/\/www.radioluna.it\/news\/2018\/09\/auto-fuori-controllo-finisce-nel-bar-sulla-ninfina-2-gravissima-una-ragazza\/","title":{"rendered":"Auto fuori controllo finisce nel bar sulla Ninfina 2: gravissima una ragazza"},"content":{"rendered":"<div id=\"fb-root\"><\/div>\n<p style=\"text-align: justify;\"><strong>CISTERNA<\/strong> &#8211; Gravissimo incidente stradale nella notte sulla via Ninfina seconda, nella zona di Prato Cesarino, dove una Fiat Cinquecento \u00e8 arrivata a forte velocit\u00e0 alla rotatoria e ormai completamente fuori controllo, dopo aver sfondato la recinzione di un bar, \u00e8 finita all&#8217;interno dell&#8217;attivit\u00e0 abbattendo un muro. Erano le 2,30 della notte. Immediato l&#8217;allarme dei residenti che hanno udito un forte boato e chiamato i soccorsi. La conducente, una ragazza di Aprilia di 28 anni \u00e8 stata etsratta dai vigili del fuoco e affidata ai sanitari del 118. Si trova ricoverata in gravissime condizioni nella Rianimazione dell&#8217;ospedale Goretti in pericolo di vita.<\/p>\n<p style=\"text-align: justify;\">I rilievi sono stati svolti dalla polizia stradale di Aprilia guidata dal comandante Massimiliano Corradini, con il top crash, dispositivo che consente la massima precisione negli accertamenti.<\/p>\n","protected":false},"excerpt":{"rendered":"<p>CISTERNA &#8211; Gravissimo incidente stradale nella notte sulla via Ninfina seconda, nella zona di Prato Cesarino, dove una Fiat Cinquecento \u00e8 arrivata a forte velocit\u00e0 alla rotatoria e ormai completamente fuori controllo, dopo aver sfondato la recinzione di un bar, \u00e8 finita all&#8217;interno dell&#8217;attivit\u00e0 abbattendo un muro. Erano le 2,30 della notte. Immediato l&#8217;allarme dei [&hellip;]<\/p>\n","protected":false},"author":62,"featured_media":230906,"comment_status":"open","ping_status":"open","sticky":false,"template":"","format":"standard","meta":{"footnotes":""},"categories":[7],"tags":[],"class_list":["post-230905","post","type-post","status-publish","format-standard","has-post-thumbnail","hentry","category-cronaca"],"_links":{"self":[{"href":"https:\/\/www.radioluna.it\/news\/wp-json\/wp\/v2\/posts\/230905","targetHints":{"allow":["GET"]}}],"collection":[{"href":"https:\/\/www.radioluna.it\/news\/wp-json\/wp\/v2\/posts"}],"about":[{"href":"https:\/\/www.radioluna.it\/news\/wp-json\/wp\/v2\/types\/post"}],"author":[{"embeddable":true,"href":"https:\/\/www.radioluna.it\/news\/wp-json\/wp\/v2\/users\/62"}],"replies":[{"embeddable":true,"href":"https:\/\/www.radioluna.it\/news\/wp-json\/wp\/v2\/comments?post=230905"}],"version-history":[{"count":0,"href":"https:\/\/www.radioluna.it\/news\/wp-json\/wp\/v2\/posts\/230905\/revisions"}],"wp:featuredmedia":[{"embeddable":true,"href":"https:\/\/www.radioluna.it\/news\/wp-json\/wp\/v2\/media\/230906"}],"wp:attachment":[{"href":"https:\/\/www.radioluna.it\/news\/wp-json\/wp\/v2\/media?parent=230905"}],"wp:term":[{"taxonomy":"category","embeddable":true,"href":"https:\/\/www.radioluna.it\/news\/wp-json\/wp\/v2\/categories?post=230905"},{"taxonomy":"post_tag","embeddable":true,"href":"https:\/\/www.radioluna.it\/news\/wp-json\/wp\/v2\/tags?post=230905"}],"curies":[{"name":"wp","href":"https:\/\/api.w.org\/{rel}","templated":true}]}}