{"id":231058,"date":"2018-10-02T09:37:41","date_gmt":"2018-10-02T07:37:41","guid":{"rendered":"https:\/\/www.radioluna.it\/news\/?p=231058"},"modified":"2018-10-02T09:37:41","modified_gmt":"2018-10-02T07:37:41","slug":"la-top-volley-latina-allinaugurazione-della-sede-dellassociazione-lucky-friends","status":"publish","type":"post","link":"https:\/\/www.radioluna.it\/news\/2018\/10\/la-top-volley-latina-allinaugurazione-della-sede-dellassociazione-lucky-friends\/","title":{"rendered":"La Top Volley Latina all\u2019inaugurazione della sede dell\u2019associazione Lucky Friends"},"content":{"rendered":"<div id=\"fb-root\"><\/div>\n<p style=\"text-align: justify;\"><strong>LATINA &#8211;<\/strong> Con la ripresa del campionato di Superlega riprende anche l\u2019attivit\u00e0 sociale della Top Volley Latina. Il prossimo 11 ottobre verr\u00e0 presentata nuovamente la campagna #Accendiamoilrispetto, giunta al quarto anno consecutivo, e verranno rese note importanti novit\u00e0 relative al percorso che il Club svolger\u00e0 nelle scuole su tematiche di grande attualit\u00e0 e impatto sociale. Nell\u2019ambito delle iniziative sociali Daniele Sottile e Carmelo Gitto hanno partecipato all\u2019inaugurazione della nuova sede dell\u2019associazione Lucky Friends che si occupa di avviamento allo sport di atleti speciali e che partecipa alle iniziative della Top Volley Latina. L\u2019evento s\u2019\u00e8 tenuto a Lamezia Terme, dove la societ\u00e0 Lucky Friends ha la sua sede operativa, e Gitto e Sottile sono stati protagonisti del taglio del nastro della nuova sede insieme al piccolo Federico, atleta speciale protagonista (insieme ad altri suoi compagni di gioco) anche di alcune mini-partite sul campo di gioco del PalaBianchini prima delle partite ufficiali della squadra pontina. \u201cCon la societ\u00e0 di Lamezia Terme non c\u2019\u00e8 solo un gemellaggio in occasione degli eventi sociali che organizziamo, c\u2019\u00e8 anche un legame molto forte perch\u00e9 quello che fanno per i bambini e per le loro famiglie \u00e8 assolutamente speciale &#8211; ha chiarito Daniele Sottile che ieri ha impiegato il suo week-end libero per partecipare all\u2019iniziativa &#8211; il messaggio che \u00e8 partito \u00e8 anche molto forte poich\u00e9 la struttura che \u00e8 stata inaugurata \u00e8 anche un bene sequestrato alla malavita e questo sicuramente \u00e8 qualcosa di molto importante. Come atleti siamo felici di essere coinvolte in queste iniziative e siamo sicuri che il sorriso dei bambini abbia contagiato tutti ieri\u201d. Il sostituto procuratore della Repubblica Luigia Spinelli, insieme all\u2019avvocato Paolo Mascaro e al direttore sportivo della Top Volley Latina Candido Grande, hanno preso parte all\u2019inaugurazione sollevando il velo per scoprire al pubblico l\u2019insegna della nuova sede sottolineando l\u2019importanza di consegnare a un\u2019associazione cos\u00ec impegnata una struttura utile e funzionale.<\/p>\n","protected":false},"excerpt":{"rendered":"<p>LATINA &#8211; Con la ripresa del campionato di Superlega riprende anche l\u2019attivit\u00e0 sociale della Top Volley Latina. Il prossimo 11 ottobre verr\u00e0 presentata nuovamente la campagna #Accendiamoilrispetto, giunta al quarto anno consecutivo, e verranno rese note importanti novit\u00e0 relative al percorso che il Club svolger\u00e0 nelle scuole su tematiche di grande attualit\u00e0 e impatto sociale. [&hellip;]<\/p>\n","protected":false},"author":5430,"featured_media":0,"comment_status":"open","ping_status":"open","sticky":false,"template":"","format":"standard","meta":{"footnotes":""},"categories":[17],"tags":[],"class_list":["post-231058","post","type-post","status-publish","format-standard","hentry","category-sport"],"_links":{"self":[{"href":"https:\/\/www.radioluna.it\/news\/wp-json\/wp\/v2\/posts\/231058","targetHints":{"allow":["GET"]}}],"collection":[{"href":"https:\/\/www.radioluna.it\/news\/wp-json\/wp\/v2\/posts"}],"about":[{"href":"https:\/\/www.radioluna.it\/news\/wp-json\/wp\/v2\/types\/post"}],"author":[{"embeddable":true,"href":"https:\/\/www.radioluna.it\/news\/wp-json\/wp\/v2\/users\/5430"}],"replies":[{"embeddable":true,"href":"https:\/\/www.radioluna.it\/news\/wp-json\/wp\/v2\/comments?post=231058"}],"version-history":[{"count":0,"href":"https:\/\/www.radioluna.it\/news\/wp-json\/wp\/v2\/posts\/231058\/revisions"}],"wp:attachment":[{"href":"https:\/\/www.radioluna.it\/news\/wp-json\/wp\/v2\/media?parent=231058"}],"wp:term":[{"taxonomy":"category","embeddable":true,"href":"https:\/\/www.radioluna.it\/news\/wp-json\/wp\/v2\/categories?post=231058"},{"taxonomy":"post_tag","embeddable":true,"href":"https:\/\/www.radioluna.it\/news\/wp-json\/wp\/v2\/tags?post=231058"}],"curies":[{"name":"wp","href":"https:\/\/api.w.org\/{rel}","templated":true}]}}