{"id":231068,"date":"2018-10-02T12:01:46","date_gmt":"2018-10-02T10:01:46","guid":{"rendered":"https:\/\/www.radioluna.it\/news\/?p=231068"},"modified":"2018-10-05T07:01:54","modified_gmt":"2018-10-05T05:01:54","slug":"caroso-festival-ancora-un-appuntamento-con-carlos-moscardini","status":"publish","type":"post","link":"https:\/\/www.radioluna.it\/news\/2018\/10\/caroso-festival-ancora-un-appuntamento-con-carlos-moscardini\/","title":{"rendered":"Caroso Festival, un fuoriprogramma con Carlos Moscardini"},"content":{"rendered":"<div id=\"fb-root\"><\/div>\n<p style=\"text-align: justify;\">Il celebre Caroso Festival, diretto dal maestro Stefano Raponi, una delle rassegne internazionali di chitarra pi\u00f9 longeve di tutti i tempi che quest\u2019anno festeggia le ventiquattro edizioni, offre un prestigioso fuoriprogramma in considerazione del classico calendario di eventi estivo.\u00a0Quest\u2019anno si \u00e8 infatti scelto di organizzare un appuntamento in pi\u00f9 che riguarder\u00e0 uno dei pi\u00f9 importanti chitarristi internazionali Carlos Moscardini che si esibir\u00e0 al Circolo Cittadino presso la sala concerti di piazza del Popolo sabato 6 ottobre alle ore 21.15 grazie alla particolare dedizione del presidente Alfredo De Santis.\u00a0Carlos Moscardini oltre che essere un affermato chitarrista argentino \u00e8 anche un riconosciuto compositore e insegnante, collaborando attivamente con rinomati artisti del tango e del folklore argentino. Ha tenuto concerti in pi\u00f9 di 20 paesi tra America, Europa e Asia e le sue opere sono state pubblicate in Argentina, Francia, Germania, Giappone e Stati Uniti, oltre a tenere seminari, masterclass ed essere in giuria in diverse competizioni in Argentina ed Europa.<\/p>\n<p>Nel 2015 ha ricevuto il &#8220;National Music Award&#8221; assegnato dal Ministero della Cultura, oltre ad altri numerosi riconoscimenti ricevuti sia nella sua Argentina che nel vicino Brasile dove \u00e8 molto conosciuto ed apprezzato. Le sue composizioni sono un riferimento della nuova musica argentina per chitarra e sono state incluse nei programmi di studio di \u00a0numerosi conservatori in Argentina. Carlos Moscardini vanta una ricca attivit\u00e0 dal vivo che bilancia sapientemente con il suo ruolo di docente presso i Conservatori &#8220;Gilardo Gilardi&#8221; della citt\u00e0 di La Plata e &#8220;Manuel de Falla&#8221; di Buenos Aires, dove \u00e8 membro fondatore della Scuola di Musica Argentina.<\/p>\n<p>In occasione del concerto di Latina proporr\u00e0 il meglio delle sue pi\u00f9 recenti produzioni chitarristiche oltre ad alcuni intramontabili suoi successi.<\/p>\n","protected":false},"excerpt":{"rendered":"<p>Il celebre Caroso Festival, diretto dal maestro Stefano Raponi, una delle rassegne internazionali di chitarra pi\u00f9 longeve di tutti i tempi che quest\u2019anno festeggia le ventiquattro edizioni, offre un prestigioso fuoriprogramma in considerazione del classico calendario di eventi estivo.\u00a0Quest\u2019anno si \u00e8 infatti scelto di organizzare un appuntamento in pi\u00f9 che riguarder\u00e0 uno dei pi\u00f9 importanti [&hellip;]<\/p>\n","protected":false},"author":60,"featured_media":0,"comment_status":"open","ping_status":"open","sticky":false,"template":"","format":"standard","meta":{"footnotes":""},"categories":[16],"tags":[],"class_list":["post-231068","post","type-post","status-publish","format-standard","hentry","category-appuntamenti"],"_links":{"self":[{"href":"https:\/\/www.radioluna.it\/news\/wp-json\/wp\/v2\/posts\/231068","targetHints":{"allow":["GET"]}}],"collection":[{"href":"https:\/\/www.radioluna.it\/news\/wp-json\/wp\/v2\/posts"}],"about":[{"href":"https:\/\/www.radioluna.it\/news\/wp-json\/wp\/v2\/types\/post"}],"author":[{"embeddable":true,"href":"https:\/\/www.radioluna.it\/news\/wp-json\/wp\/v2\/users\/60"}],"replies":[{"embeddable":true,"href":"https:\/\/www.radioluna.it\/news\/wp-json\/wp\/v2\/comments?post=231068"}],"version-history":[{"count":0,"href":"https:\/\/www.radioluna.it\/news\/wp-json\/wp\/v2\/posts\/231068\/revisions"}],"wp:attachment":[{"href":"https:\/\/www.radioluna.it\/news\/wp-json\/wp\/v2\/media?parent=231068"}],"wp:term":[{"taxonomy":"category","embeddable":true,"href":"https:\/\/www.radioluna.it\/news\/wp-json\/wp\/v2\/categories?post=231068"},{"taxonomy":"post_tag","embeddable":true,"href":"https:\/\/www.radioluna.it\/news\/wp-json\/wp\/v2\/tags?post=231068"}],"curies":[{"name":"wp","href":"https:\/\/api.w.org\/{rel}","templated":true}]}}