{"id":231133,"date":"2018-10-03T08:27:07","date_gmt":"2018-10-03T06:27:07","guid":{"rendered":"https:\/\/www.radioluna.it\/news\/?p=231133"},"modified":"2018-10-05T07:02:04","modified_gmt":"2018-10-05T05:02:04","slug":"passeggiate-poetiche-nel-parco-nazionale-del-circeo","status":"publish","type":"post","link":"https:\/\/www.radioluna.it\/news\/2018\/10\/passeggiate-poetiche-nel-parco-nazionale-del-circeo\/","title":{"rendered":"Passeggiate Poetiche nel Parco Nazionale del Circeo"},"content":{"rendered":"<div id=\"fb-root\"><\/div>\n<p style=\"text-align: justify;\"><strong>SABAUDIA<\/strong> &#8211; Dal Promontorio al lago di Paola con concerto finale in canoa. E&#8217; la prima delle passeggiate poetiche organizzate nel Parco Nazionale del Circeo dall&#8217;associazione culturale Exotique con il sostegno dell&#8217;Ente Parco, a partire da sabato prossimo 6 ottobre e fino al 21\u00a0per tre fine settimana consecutivi. In tutto sei appuntamenti per promuovere la conoscenza dei sentieri dell&#8217;area naturale, attraverso l&#8217;arte e la creativit\u00e0.<\/p>\n<p style=\"text-align: justify;\">&#8220;Tra gli obiettivi\u00a0 &#8211; spiegano gli organizzatori &#8211; anche quello di dare luogo, in un momento di minore afflusso turistico, a nuove opportunit\u00e0 per conoscere un territorio e un Promontorio unico sia sul versante di Quarto Caldo, che in quello di Quarto Freddo, come anche nel centro storico millenario di San Felice Circeo&#8221;.<\/p>\n<p style=\"text-align: justify;\">Il\u00a0 ciclo di escursioni sostenuto dall&#8217;Ente Parco Nazionale del Circeo ha il patrocinio del Comune e della Proloco di San Felice Circeo.<\/p>\n<p><strong>IL PROGRAMMA<\/strong> &#8211;<\/p>\n<p>Sabato 6 Ottobre 2018 ore 10:00<\/p>\n<p style=\"text-align: justify;\">Passeggiata Poetica dal Promontorio al lago di Paola con concerto finale in canoa Arcadia Solo Project di Vito Cardellicchio.<\/p>\n<p style=\"text-align: justify;\">Partenza Piazzale S.Francesco &#8211; San Felice Circeo<\/p>\n<p style=\"text-align: justify;\">Posti limitati\/prenotazione obbligatoria\/pranzo al sacco<\/p>\n<p style=\"text-align: justify;\">Contributo per adulto 25 \u20ac\/contributo per bambini fino a 12 anni 10 \u20ac<\/p>\n<p style=\"text-align: justify;\">Include: passeggiata\/assicurazione\/pranzo al sacco\/navetta da\/verso punto di partenza\/canoa\/concerto<\/p>\n<p style=\"text-align: justify;\">La Passeggiata Poetica pi\u00f9 affascinante e celebrata di sempre \u00e8 quella che si snoda tra le sponde del Lago di Paola, alle pendici del promontorio del Circeo. Punto di arrivo uno degli angoli pi\u00f9 suggestivi del lago di Paola, l\u00e0 dove storia e natura s&#8217;intrecciano armoniosamente. Punto d&#8217;imbarco per la seconda parte dell&#8217;escursione e per l&#8217;appuntamento con Vito Cardellicchio e il suo progetto solista &#8220;Arcadia&#8221;: incontro tra musica rituale, suonata con strumenti rudimentali appartenenti alla tradizione, e la moderna tecnologia. Kalimba elettrica, loop, synth percussion, darbuka, djembe si mettono al servizio di un beat etnico ed ipnotico e il tocco del percussionista dialoga con il linguaggio del DJ.<\/p>\n<p style=\"text-align: justify;\">\nDomenica 7 Ottobre 2018 ore 10:00<\/p>\n<p style=\"text-align: justify;\">Passeggiata Poetica al Picco di Circe con il documentarista Alessandro Di Federico,<\/p>\n<p style=\"text-align: justify;\">Concerto finale in alta quota di Micol Touad\u00ec Trio.<\/p>\n<p style=\"text-align: justify;\">Partenza Piazzale delle Crocette &#8211; San Felice Circeo<\/p>\n<p style=\"text-align: justify;\">Posti limitati\/prenotazione obbligatoria\/pranzo al sacco<\/p>\n<p style=\"text-align: justify;\">Contributo per adulto 20 \u20ac\/et\u00e0 minima 14 anni<\/p>\n<p style=\"text-align: justify;\">Include: passeggiata\/assicurazione\/pranzo al sacco\/navetta da\/verso punto di partenza\/concerto<\/p>\n<p style=\"text-align: justify;\">Alessandro Di Federico, fotografo e documentarista che partendo dal suo Abruzzo ha documentato la ricchezza della biodiversit\u00e0 in tanti luoghi del mondo, ci condurr\u00e0 alla scoperta dei flussi migratori che sorvolano il Promontorio poich\u00e9 il Parco \u00e8 un punto di passaggio strategico delle principali rotte migratorie. Ad attenderci al Picco di Circe, a circa 500 metri slm. al termine di un&#8217;escursione di media difficolt\u00e0, il canto sublime di Micol Touad\u00ec, accompagnata da Alessandro Trani al cajon e da Andrea Jannicola alla chitarra acustica, giovane trio pontino che si muove con disinvoltura tra Soul, Jazz, R&#8217;n&#8217;B.<\/p>\n<p style=\"text-align: justify;\">\nSabato 13 Ottobre 2018 ore 11:00<\/p>\n<p>Passeggiata Poetica dalle Crocette al Faro, attraversando Quarto Caldo in compagnia del regista Renato Chiocca.<\/p>\n<p>Partenza Piazzale San Francesco &#8211; San Felice Circeo<\/p>\n<p>Posti limitati\/prenotazione obbligatoria\/pranzo al sacco<\/p>\n<p>Contributo per adulto 20 \u20ac\/contributo per bambini fino a 12 anni 10 \u20ac<\/p>\n<p>Include: passeggiata\/assicurazione\/pranzo al sacco\/navetta da\/verso punto di partenza\/<\/p>\n<p>Uno dei sentieri pi\u00f9 suggestivi e meno battuti del Promontorio sar\u00e0 teatro di racconti, letture, visioni e divagazioni spontanee condotti dal regista Renato Chiocca.<\/p>\n<p>Aiuto regista di Mimmo Calopresti e assistente di Daniele Luchetti, Renato Chiocca ha lavorato, tra gli altri, con Paolo Sorrentino, Alessandro Piva, Mario Balsamo, Gianfranco Pannone e Sergio Rubini. Ha diretto spot, videoclip e programmi tv. I suoi cortometraggi e documentari, tra cui Il principiante (2004), Mattotti (2006), Nanga Parbat &#8211; La montagna nuda (2008), Differenti (2009), Chance Encounter on the Tiber (2010), Una volta fuori (2012), Maamoura (2015) sono stati proiettati e premiati in Italia, Francia, Germania, Svizzera, Spagna, Portogallo, Inghilterra, Tunisia, Turchia, Brasile, Corea, Stati Uniti e Cina. Per il teatro ha diretto, tra gli altri, gli spettacoli Tracce \u2013 scritti e letture da Cesare Battisti (2003), con Pier Giorgio Bellocchio e le musiche in scena di Cristiano Becherucci e Antonio Zitarelli, e nel 2018 ha diretto Processo per stupro prodotto dal Teatro Eliseo. Tra le sue pubblicazioni, con Andrea Ferraris il graphic novel La cicatrice. Sul confine tra Messico e Stati Uniti (Oblomov Edizioni), pubblicato anche in Francia per Rackham Editions e in uscita negli Stati Uniti per Fantagraphics.<\/p>\n<p>Domenica 14 Ottobre 2018 ore 10:00<\/p>\n<p>Passeggiata Poetica nei sentieri del Centro Visitatori del Parco Nazionale del Circeo con concerto di Martina Mariti (violino) e Chiara Marchetti (arpa).<\/p>\n<p>Visita al Museo del Parco e presentazione del libro per bambini Un Tuffo nel Mare.<\/p>\n<p>Partenza Via Carlo Alberto 188 &#8211; Sabaudia<\/p>\n<p>Posti limitati\/prenotazione obbligatoria\/pranzo al sacco<\/p>\n<p>Contributo per adulto 15 \u20ac\/contributo per bambini fino a 12 anni 5 \u20ac<\/p>\n<p>Include: passeggiata\/pranzo al sacco\/visita al Museo del Parco\/ativit\u00e0 per bambini\/concerto<\/p>\n<p style=\"text-align: justify;\">\nDue strumenti classici dal fascino indiscusso accompagneranno grandi e piccoli alla scoperta della Selva di Circe, in una Foresta a tratti incantata.<\/p>\n<p style=\"text-align: justify;\">Martina Mariti intraprende lo studio del violino presso il Conservatorio di S. Cecilia di Roma, laureandosi con il massimo dei voti e la lode sotto la guida del Maestro Camillo Grasso. Vincitrice del concorso indetto per la formazione dell&#8217;Orchestra di Eccellenza del conservatorio, ricopre il ruolo di primo violino sotto la direzione del Maestro Carotenuto, che, a seguito di questa felice esperienza, la invita nel 2011 a collaborare stabilmente con l&#8217;International Chamber Ensemble. Svolge inoltre una regolare attivit\u00e0 concertistica con L&#8217;Arco Magico ensemble, con cui sta registrando numerosi concerti sotto la direzione del Maestro Puccio per sky Classica Hd. Dal 2016 ha iniziato una proficua collaborazione con l&#8217;Orchestra sinfonica Etruriaensemble diretta dal Maestro Bastianini. Parallelamente alla sua carriera violinistica, ricopre il ruolo di altus presso il Prima Prattica Ensemble con cui esegue il repertorio corale polifonico sacro e profano del periodo rinascimentale.<\/p>\n<p style=\"text-align: justify;\">Alle sue attivit\u00e0 concertistiche affianca dal 2012 l&#8217;insegnamento come docente di violino presso il Convitto Vittorio Emanuele II, la scuola materna Umberto I e l&#8217;I.C. Dante Alighieri, \u00a0all&#8217;interno del progetto musicale dell&#8217;Associazione Eximia Forma per Carmelo Piccolo.<\/p>\n<p style=\"text-align: justify;\">Chiara Marchetti si diploma in arpa presso il conservatorio di musica S. Cecilia di Roma nel 2014. Attualmente frequenta presso lo stesso conservatorio i corsi di composizione e di\u00a0direzione\u00a0d&#8217;orchestra. Come arpista svolge regolare attivit\u00e0 concertistica in orchestra e in formazioni da camera. Ha all&#8217;attivo varie incisioni per la Discoteca di Stato ed ha lavorato in ambito teatrale come arrangiatrice e musicista di scena. Ha fatto parte in\u00a0qualit\u00e0 di contralto di vari cori ed\u00a0ensemble, esibendosi in prestigiose sale e in numerose chiese della capitale e all\u2019estero. Parallelamente coltiva la passione per il mondo della musica leggera, esibendosi come arpista e cantante.<\/p>\n<p style=\"text-align: justify;\">\nSabato 20 Ottobre 2018 ore 11:00<\/p>\n<p style=\"text-align: justify;\">Passeggiata Poetica lungo la strada del sole fino al Fortino Napoleonico tra cenni storici, racconti, letture e incursioni musicali.<\/p>\n<p style=\"text-align: justify;\">Partenza Piazzale San Francesco &#8211; San Felice Circeo<\/p>\n<p style=\"text-align: justify;\">Posti limitati\/prenotazione obbligatoria<\/p>\n<p style=\"text-align: justify;\">Contributo per adulto 15 \u20ac\/contributo per bambini fino a 12 anni 5 \u20ac<\/p>\n<p style=\"text-align: justify;\">Include: passeggiata\/assicurazione\/pranzo al sacco\/navetta da\/verso punto di partenza\/performance lungo il percorso<\/p>\n<p style=\"text-align: justify;\">Alla scoperta del versante assolato di Quarto Caldo, laddove i segni di un passato recente &#8220;resistono&#8221; alla prova del tempo con Chiara Parlagreco, storica dell&#8217;arte e interprete ambientale del Parco Nazionale del Circeo. Nel corso della passeggiata, che si concluder\u00e0 al Fortino Napoleonico ottocentesco situato nell\u2019area di Quarto Caldo, si susseguiranno gli interventi di artisti legati al territorio.<\/p>\n<p style=\"text-align: justify;\">\nDomenica 21 Ottobre 2018 ore 11:00<\/p>\n<p style=\"text-align: justify;\">Passeggiata Poetica nei sentieri del Peretto cercando e riscoprendo le piante care alla Maga con la Dott. For. Augusta D&#8217;Andrassi, per poi immergersi nell&#8217; &#8220;Incontro con Circe&#8221; con il collettivo noMade.<\/p>\n<p style=\"text-align: justify;\">Partenza\u00a0Piazzale S.Francesco\u00a0&#8211; San Felice Circeo<\/p>\n<p style=\"text-align: justify;\">Posti limitati\/prenotazione obbligatoria<\/p>\n<p style=\"text-align: justify;\">Contributo per adulto 20 \u20ac\/contributo per bambini fino a 12 anni 10 \u20ac<\/p>\n<p style=\"text-align: justify;\">Include: passeggiata\/assicurazione\/performance artistica\/degustazione di prodotti tipici locali all&#8217;arrivo<\/p>\n<p style=\"text-align: justify;\">La passeggiata sar\u00e0 condotta da Augusta D&#8217;Andrassi, dottore forestale, docente, guida naturalistica e interprete ambientale, con le incursioni del collettivo noMade e della violinista Giulia Anita Bari.<\/p>\n<p style=\"text-align: justify;\">&#8220;Incontro con Circe&#8221; \u00e8 un&#8217;esperienza poetico-sensoriale intorno alla figura mitologica di Circe. Il collettivo noMade e la violinista Giulia Anita Bari propongono di seguirli lungo un percorso immersivo in Natura che vede la partecipazione diretta del pubblico.\u00a0\u00a0Il Collettivo noMade \u00e8 un gruppo di artisti-ricercatori che propone di concentrarsi sull\u2019immaginario di paesaggi sensoriali nel quale il fruitore possa trovare la sua libert\u00e0 di creazione. Il collettivo affonda le sue radici nel concetto di nomadismo che assunto come categoria interpretativa del mondo ne coglie il suo continuo divenire, il suo non essere mai lo stesso, la sua relativit\u00e0. NoMade \u00e8 un gruppo poliedrico che racchiude diverse abilit\u00e0 e sensibilit\u00e0 artistiche, in particolare nella grafica, il sound design, la videoarte, le arti performative, l\u2019arte visuale, le installazioni site-specific e l\u2019interactive art. Il collettivo si prefigge anche l\u2019obiettivo di includere un approccio psico-sociale nella costruzione degli interventi artistici che propone coinvolgendo il pi\u00f9 possibile le comunit\u00e0 e il pubblico. I processi di comunit\u00e0 contribuiscono alla creazione di un Archivio Vivo. Al centro della riflessione risiede la necessit\u00e0 di proporre delle esperienze di contatto estetiche innovative e profonde. Il collettivo \u00e8 stato fondato nel 2016 presso lo studio noMade a Roma e in questi primi due anni di esistenza ha partecipato a numerose manifestazioni in Italia e in Europa.<\/p>\n<p>Possibilit\u00e0 di pernottare presso i B&amp;B di San Felice Circeo convenzionati con l&#8217;Associazione.<\/p>\n<p>In caso di maltempo la Passeggiata Poetica sar\u00e0 recuperata alla prima data utile a partire dalla fine della rassegna.<\/p>\n<p>Informazioni e prenotazioni: + 39.329.8424810<\/p>\n<p>&nbsp;<\/p>\n","protected":false},"excerpt":{"rendered":"<p>SABAUDIA &#8211; Dal Promontorio al lago di Paola con concerto finale in canoa. E&#8217; la prima delle passeggiate poetiche organizzate nel Parco Nazionale del Circeo dall&#8217;associazione culturale Exotique con il sostegno dell&#8217;Ente Parco, a partire da sabato prossimo 6 ottobre e fino al 21\u00a0per tre fine settimana consecutivi. In tutto sei appuntamenti per promuovere la [&hellip;]<\/p>\n","protected":false},"author":62,"featured_media":231134,"comment_status":"open","ping_status":"open","sticky":false,"template":"","format":"standard","meta":{"footnotes":""},"categories":[16],"tags":[],"class_list":["post-231133","post","type-post","status-publish","format-standard","has-post-thumbnail","hentry","category-appuntamenti"],"_links":{"self":[{"href":"https:\/\/www.radioluna.it\/news\/wp-json\/wp\/v2\/posts\/231133","targetHints":{"allow":["GET"]}}],"collection":[{"href":"https:\/\/www.radioluna.it\/news\/wp-json\/wp\/v2\/posts"}],"about":[{"href":"https:\/\/www.radioluna.it\/news\/wp-json\/wp\/v2\/types\/post"}],"author":[{"embeddable":true,"href":"https:\/\/www.radioluna.it\/news\/wp-json\/wp\/v2\/users\/62"}],"replies":[{"embeddable":true,"href":"https:\/\/www.radioluna.it\/news\/wp-json\/wp\/v2\/comments?post=231133"}],"version-history":[{"count":0,"href":"https:\/\/www.radioluna.it\/news\/wp-json\/wp\/v2\/posts\/231133\/revisions"}],"wp:featuredmedia":[{"embeddable":true,"href":"https:\/\/www.radioluna.it\/news\/wp-json\/wp\/v2\/media\/231134"}],"wp:attachment":[{"href":"https:\/\/www.radioluna.it\/news\/wp-json\/wp\/v2\/media?parent=231133"}],"wp:term":[{"taxonomy":"category","embeddable":true,"href":"https:\/\/www.radioluna.it\/news\/wp-json\/wp\/v2\/categories?post=231133"},{"taxonomy":"post_tag","embeddable":true,"href":"https:\/\/www.radioluna.it\/news\/wp-json\/wp\/v2\/tags?post=231133"}],"curies":[{"name":"wp","href":"https:\/\/api.w.org\/{rel}","templated":true}]}}