{"id":231158,"date":"2018-10-03T13:46:45","date_gmt":"2018-10-03T11:46:45","guid":{"rendered":"https:\/\/www.radioluna.it\/news\/?p=231158"},"modified":"2018-10-03T13:46:45","modified_gmt":"2018-10-03T11:46:45","slug":"lilith-presenta-rosa-manauzzi-e-il-suo-e-tempo-di-fare-primavera","status":"publish","type":"post","link":"https:\/\/www.radioluna.it\/news\/2018\/10\/lilith-presenta-rosa-manauzzi-e-il-suo-e-tempo-di-fare-primavera\/","title":{"rendered":"Lilith presenta Rosa Manauzzi e il suo &#8220;E&#8217; tempo di fare primavera&#8221;"},"content":{"rendered":"<div id=\"fb-root\"><\/div>\n<p style=\"text-align: justify;\"><strong>LATINA<\/strong> &#8211;\u00a0Luned\u00ec, 8 ottobre alle ore 18 presso la sede del Centro Donna Lilith via Massimo D\u2019Azeglio, 9 a Latina, il Gruppo Lettura presenta il libro di Rosa Manauzzi, &#8220;E&#8217; tempo di fare primavera&#8221; (ed L&#8217;erudita).\u00a0Insieme all\u2019autrice intervengono: Francesca Innocenti, Presidente Centro Donna Lilith,\u00a0 Franca Porcari, attrice e Cora Craus, giornalista. Un invito anche a conoscere il gruppo lettura del Centro Donna Lilith.<\/p>\n<p style=\"text-align: justify;\">La presentazione del libro e la chiacchierata con Rosa Manauzzi vorr\u00e0 essere una guida, un pungolo per osservazioni, riflessioni, interrogativi non solo letterari ma anche sul momento storico che stiamo attraversando partendo dai tanti spunti offerti dal romanzo &#8211; spiegano le curatrici dell&#8217;incontro\u00a0 &#8211; Il libro di Rosa Manauzzi, scrittrice latinense, autrice di molte e importanti pubblicazioni, racchiude tutte le infinite variazioni dei sentimenti e delle emozioni. Tra le sue pagine, tra le sue righe, vi scorrono la delicatezza, la poesia, la forza e la violenza della natura usate come metafore della vita umana. \u201c\u00c8 tempo di fare primavera\u201d, bench\u00e9 narri di avvenimenti duri, \u00e8 un inno alla vita, \u00e8 un invito a ciascuna lettrice a trasformarsi a vivere ella stessa come una meravigliosa primavera piena di colore e calore.quanti hanno la curiosit\u00e0 di conoscere la realt\u00e0 del gruppo.<\/p>\n<p style=\"text-align: justify;\"><strong>CHE COSA E&#8217; IL GRUPPO DI LETTURA DEL CENTRO DONNA LILITH<\/strong> &#8211;\u00a0Il gruppo di lettura del CDL \u00e8 di formazione femminista e femminile e promuove in quest\u2019ottica la lettura e la scoperta di autrici internazionali, nazionali e locali. Gli incontri, oltre, al piacere della lettura condivisa favoriscono la socializzazione culturale e umana. La partecipazione \u00e8 libera e senza limiti di et\u00e0; soprattutto \u00e8 uno spazio femminile aperto e solidale. L\u2019obbiettivo, il fulcro del gruppo di lettura CDL, per il nuovo anno, \u00e8 \u201cil patto tra generazioni\u201d dove giovanissime ragazze delle scuole secondarie superiori, giovani universitarie pontine, e chiunque ami leggere, si uniscono e si confrontano con le altre componenti del gruppo di et\u00e0 diverse dando vita a una vivace osmosi.<\/p>\n<p style=\"text-align: justify;\">Gli incontri si svolgono tutti i luned\u00ec, dalle 18 alle 19,30 presso la sede dell\u2019Associazione del CENTRO DONNA LILITH, via Massimo D\u2019Azeglio 9 Latina, Tel. 0773 664165, cell. 3383972147.<\/p>\n<p>&nbsp;<\/p>\n","protected":false},"excerpt":{"rendered":"<p>LATINA &#8211;\u00a0Luned\u00ec, 8 ottobre alle ore 18 presso la sede del Centro Donna Lilith via Massimo D\u2019Azeglio, 9 a Latina, il Gruppo Lettura presenta il libro di Rosa Manauzzi, &#8220;E&#8217; tempo di fare primavera&#8221; (ed L&#8217;erudita).\u00a0Insieme all\u2019autrice intervengono: Francesca Innocenti, Presidente Centro Donna Lilith,\u00a0 Franca Porcari, attrice e Cora Craus, giornalista. Un invito anche a [&hellip;]<\/p>\n","protected":false},"author":60,"featured_media":231159,"comment_status":"open","ping_status":"open","sticky":false,"template":"","format":"standard","meta":{"footnotes":""},"categories":[16],"tags":[],"class_list":["post-231158","post","type-post","status-publish","format-standard","has-post-thumbnail","hentry","category-appuntamenti"],"_links":{"self":[{"href":"https:\/\/www.radioluna.it\/news\/wp-json\/wp\/v2\/posts\/231158","targetHints":{"allow":["GET"]}}],"collection":[{"href":"https:\/\/www.radioluna.it\/news\/wp-json\/wp\/v2\/posts"}],"about":[{"href":"https:\/\/www.radioluna.it\/news\/wp-json\/wp\/v2\/types\/post"}],"author":[{"embeddable":true,"href":"https:\/\/www.radioluna.it\/news\/wp-json\/wp\/v2\/users\/60"}],"replies":[{"embeddable":true,"href":"https:\/\/www.radioluna.it\/news\/wp-json\/wp\/v2\/comments?post=231158"}],"version-history":[{"count":0,"href":"https:\/\/www.radioluna.it\/news\/wp-json\/wp\/v2\/posts\/231158\/revisions"}],"wp:featuredmedia":[{"embeddable":true,"href":"https:\/\/www.radioluna.it\/news\/wp-json\/wp\/v2\/media\/231159"}],"wp:attachment":[{"href":"https:\/\/www.radioluna.it\/news\/wp-json\/wp\/v2\/media?parent=231158"}],"wp:term":[{"taxonomy":"category","embeddable":true,"href":"https:\/\/www.radioluna.it\/news\/wp-json\/wp\/v2\/categories?post=231158"},{"taxonomy":"post_tag","embeddable":true,"href":"https:\/\/www.radioluna.it\/news\/wp-json\/wp\/v2\/tags?post=231158"}],"curies":[{"name":"wp","href":"https:\/\/api.w.org\/{rel}","templated":true}]}}