{"id":231318,"date":"2018-10-05T15:37:35","date_gmt":"2018-10-05T13:37:35","guid":{"rendered":"https:\/\/www.radioluna.it\/news\/?p=231318"},"modified":"2018-10-05T19:44:50","modified_gmt":"2018-10-05T17:44:50","slug":"pd-al-voto-per-eleggere-moscardelli-segretario-ma-la-minoranza-non-ci-sara","status":"publish","type":"post","link":"https:\/\/www.radioluna.it\/news\/2018\/10\/pd-al-voto-per-eleggere-moscardelli-segretario-ma-la-minoranza-non-ci-sara\/","title":{"rendered":"Pd al voto per eleggere Moscardelli segretario, ma la minoranza non ci sar\u00e0"},"content":{"rendered":"<div id=\"fb-root\"><\/div>\n<p style=\"text-align: justify;\"><strong>LATINA<\/strong> &#8211;\u00a0Domenica prossima, a Latina si vota per l&#8217;elezione del nuovo segretario provinciale del Pd. Un passaggio obbligato dopo l&#8217;ingresso in consiglio regionale di Salvatore La Penna e le recenti dimissioni dalla carica di partito. Poteva essere un&#8217;occasione di confronto interno per i Dem pontini che appaiono evaporati, ma non lo sar\u00e0. Di fronte alla candidatura irrinunciabile di Moscardelli alla guida, la minoranza che fa riferimento a Enrico Forte preferisce non opporre nessuno e non contribuire all&#8217;elezione. &#8220;Dopo il voto &#8211; dice il consigliere regionale &#8211; organizzeremo un incontro pubblico per rimettere al centro i temi e per domandarci prima di tutto chi vogliamo essere. Occorrono una visione e un progetto&#8221;.<\/p>\n<p style=\"text-align: justify;\">L&#8217;annuncio \u00e8 arrivato oggi in una conferenza stampa tenuta all&#8217;Hotel Europa dallo stesso Forte con l&#8217;ex sottosegretaria Sesa Amici,\u00a0 l&#8217;ex deputato Federico Fautilli e la consigliera comunale Nicoletta Zuliani.<\/p>\n<p style=\"text-align: justify;\">&#8220;E&#8217; molto tempo che c&#8217;\u00e8 totale impossibilit\u00e0 di discutere di qualunque cosa: si \u00e8 passati dal civismo ad alleanze con il centrodestra come nelle ultime elezioni provinciali e amministrative, senza che ci\u00f2 corrispondesse ad una visione. Il risultato \u00e8 sotto gli occhi di tutti: siamo diventati irrilevanti&#8221;, dice Enrico Forte snocciolando i risultati elettorali dal 4 marzo in poi: nessun candidato democratico eletto nel collegio, un crollo ulteriore del 10% nelle comunali ad Aprilia e di Cisterna&#8221;. Per Forte si deve approfittare dell&#8217;occasione offerta dai congressi nazionale e regionale.<\/p>\n<p><strong>ASCOLTA FORTE<\/strong><\/p>\n<audio class=\"wp-audio-shortcode\" id=\"audio-231318-1\" preload=\"none\" style=\"width: 100%;\" controls=\"controls\"><source type=\"audio\/mpeg\" src=\"https:\/\/www.radioluna.it\/news\/wp-content\/uploads\/2018\/10\/forte.mp3?_=1\" \/><a href=\"https:\/\/www.radioluna.it\/news\/wp-content\/uploads\/2018\/10\/forte.mp3\">https:\/\/www.radioluna.it\/news\/wp-content\/uploads\/2018\/10\/forte.mp3<\/a><\/audio>\n<p style=\"text-align: justify;\">&#8220;Non si riduca tutto questo ad uno scontro tra personalit\u00e0 all&#8217;interno del Pd &#8211; sottolinea Sesa Amici &#8211;\u00a0 Ci saremmo aspettati scelte che potessero rimettere insieme la comunit\u00e0 che non c&#8217;\u00e8 pi\u00f9. Questo non \u00e8 stato e quindi non contribuiremo all&#8217;elezione del segretario&#8221;.<\/p>\n<p><strong>ASCOLTA<\/strong>\u00a0<strong>AMICI<\/strong><\/p>\n<audio class=\"wp-audio-shortcode\" id=\"audio-231318-2\" preload=\"none\" style=\"width: 100%;\" controls=\"controls\"><source type=\"audio\/mpeg\" src=\"https:\/\/www.radioluna.it\/news\/wp-content\/uploads\/2018\/10\/SESA-AMICI.mp3?_=2\" \/><a href=\"https:\/\/www.radioluna.it\/news\/wp-content\/uploads\/2018\/10\/SESA-AMICI.mp3\">https:\/\/www.radioluna.it\/news\/wp-content\/uploads\/2018\/10\/SESA-AMICI.mp3<\/a><\/audio>\n<p>Rigenerazione \u00e8 la parola d&#8217;ordine di Nicoletta Zuliani, rimettere al centro i valori e valorizzare le risorse esistenti: &#8220;Non c&#8217;\u00e8 nulla di tutto questo, oggi\u00a0 interessa solo stabilire i nomi di chi rivestir\u00e0 i prossimi incarichi&#8221;.<\/p>\n<p style=\"text-align: justify;\">Federico Fauttilli, in attesa di una tessera del Pd che non arriva, sottolinea il pericolo costituito dai nazionalismi che avanzano, ricorda la vista di Draghi al Colle che fa vedere nero sui conti pubblici ed esorta il partito: &#8220;Dovremmo essere tutti qui uniti per dare risposte e invece&#8221;.<\/p>\n","protected":false},"excerpt":{"rendered":"<p>LATINA &#8211;\u00a0Domenica prossima, a Latina si vota per l&#8217;elezione del nuovo segretario provinciale del Pd. Un passaggio obbligato dopo l&#8217;ingresso in consiglio regionale di Salvatore La Penna e le recenti dimissioni dalla carica di partito. Poteva essere un&#8217;occasione di confronto interno per i Dem pontini che appaiono evaporati, ma non lo sar\u00e0. Di fronte alla [&hellip;]<\/p>\n","protected":false},"author":62,"featured_media":231322,"comment_status":"open","ping_status":"open","sticky":false,"template":"","format":"standard","meta":{"footnotes":""},"categories":[2310,8],"tags":[],"class_list":["post-231318","post","type-post","status-publish","format-standard","has-post-thumbnail","hentry","category-audio","category-politica"],"_links":{"self":[{"href":"https:\/\/www.radioluna.it\/news\/wp-json\/wp\/v2\/posts\/231318","targetHints":{"allow":["GET"]}}],"collection":[{"href":"https:\/\/www.radioluna.it\/news\/wp-json\/wp\/v2\/posts"}],"about":[{"href":"https:\/\/www.radioluna.it\/news\/wp-json\/wp\/v2\/types\/post"}],"author":[{"embeddable":true,"href":"https:\/\/www.radioluna.it\/news\/wp-json\/wp\/v2\/users\/62"}],"replies":[{"embeddable":true,"href":"https:\/\/www.radioluna.it\/news\/wp-json\/wp\/v2\/comments?post=231318"}],"version-history":[{"count":0,"href":"https:\/\/www.radioluna.it\/news\/wp-json\/wp\/v2\/posts\/231318\/revisions"}],"wp:featuredmedia":[{"embeddable":true,"href":"https:\/\/www.radioluna.it\/news\/wp-json\/wp\/v2\/media\/231322"}],"wp:attachment":[{"href":"https:\/\/www.radioluna.it\/news\/wp-json\/wp\/v2\/media?parent=231318"}],"wp:term":[{"taxonomy":"category","embeddable":true,"href":"https:\/\/www.radioluna.it\/news\/wp-json\/wp\/v2\/categories?post=231318"},{"taxonomy":"post_tag","embeddable":true,"href":"https:\/\/www.radioluna.it\/news\/wp-json\/wp\/v2\/tags?post=231318"}],"curies":[{"name":"wp","href":"https:\/\/api.w.org\/{rel}","templated":true}]}}