{"id":231325,"date":"2018-10-05T15:51:39","date_gmt":"2018-10-05T13:51:39","guid":{"rendered":"https:\/\/www.radioluna.it\/news\/?p=231325"},"modified":"2018-10-05T15:53:34","modified_gmt":"2018-10-05T13:53:34","slug":"231325","status":"publish","type":"post","link":"https:\/\/www.radioluna.it\/news\/2018\/10\/231325\/","title":{"rendered":"Passeggiata tra i sentieri urbani di Latina"},"content":{"rendered":"<div id=\"fb-root\"><\/div>\n<p style=\"text-align: justify;\"><strong>LATINA<\/strong> &#8211;\u00a0Domenica 7 ottobre l\u2019associazione Sempre Verde Pro Natura Latina organizza una passeggiata attraverso le aree verdi della citt\u00e0, indicando un SENTIERO URBANO OLTRE IL GI\u00c0 VISTO. &#8220;Sar\u00e0 un modo per ridare valore agli spazi che si vivono quotidianamente: un punto di partenza per osservare gli altri come un punto di forza &#8211; spiegano gli organizzatori\u00a0 &#8211; Alla riscoperta di luoghi che vediamo tutti i giorni, di cui ci preoccupiamo ma che non viviamo abbastanza: i parchi della citt\u00e0. La passeggiata sar\u00e0 allietata da incursioni artistiche a sorpresa, per favorire la familiarit\u00e0 con i luoghi e un nuovo senso di accoglienza&#8221;.<\/p>\n<p style=\"text-align: justify;\">Appuntamento in Piazza del Popolo alle 8 per la sottoscrizione dell&#8217;assicurazione, la partenza per la passeggiata \u00e8 prevista intorno alle 9. L\u2019associazione, molto attiva nelle passeggiate in montagna e in mezzo alla natura, prevede che il cammino finisca intorno alle 13. La manifestazione si concluder\u00e0 con un pic-nic al sacco.<\/p>\n<p>Il Comune di Latina, riconoscendo il valore dell&#8217;iniziativa di rivalutazione degli spazi urbani spesso percorsi\u00a0 senza essere osservati, ha deciso di concedere il patrocinio.<\/p>\n","protected":false},"excerpt":{"rendered":"<p>LATINA &#8211;\u00a0Domenica 7 ottobre l\u2019associazione Sempre Verde Pro Natura Latina organizza una passeggiata attraverso le aree verdi della citt\u00e0, indicando un SENTIERO URBANO OLTRE IL GI\u00c0 VISTO. &#8220;Sar\u00e0 un modo per ridare valore agli spazi che si vivono quotidianamente: un punto di partenza per osservare gli altri come un punto di forza &#8211; spiegano gli [&hellip;]<\/p>\n","protected":false},"author":62,"featured_media":146144,"comment_status":"open","ping_status":"open","sticky":false,"template":"","format":"standard","meta":{"footnotes":""},"categories":[16],"tags":[],"class_list":["post-231325","post","type-post","status-publish","format-standard","has-post-thumbnail","hentry","category-appuntamenti"],"_links":{"self":[{"href":"https:\/\/www.radioluna.it\/news\/wp-json\/wp\/v2\/posts\/231325","targetHints":{"allow":["GET"]}}],"collection":[{"href":"https:\/\/www.radioluna.it\/news\/wp-json\/wp\/v2\/posts"}],"about":[{"href":"https:\/\/www.radioluna.it\/news\/wp-json\/wp\/v2\/types\/post"}],"author":[{"embeddable":true,"href":"https:\/\/www.radioluna.it\/news\/wp-json\/wp\/v2\/users\/62"}],"replies":[{"embeddable":true,"href":"https:\/\/www.radioluna.it\/news\/wp-json\/wp\/v2\/comments?post=231325"}],"version-history":[{"count":0,"href":"https:\/\/www.radioluna.it\/news\/wp-json\/wp\/v2\/posts\/231325\/revisions"}],"wp:featuredmedia":[{"embeddable":true,"href":"https:\/\/www.radioluna.it\/news\/wp-json\/wp\/v2\/media\/146144"}],"wp:attachment":[{"href":"https:\/\/www.radioluna.it\/news\/wp-json\/wp\/v2\/media?parent=231325"}],"wp:term":[{"taxonomy":"category","embeddable":true,"href":"https:\/\/www.radioluna.it\/news\/wp-json\/wp\/v2\/categories?post=231325"},{"taxonomy":"post_tag","embeddable":true,"href":"https:\/\/www.radioluna.it\/news\/wp-json\/wp\/v2\/tags?post=231325"}],"curies":[{"name":"wp","href":"https:\/\/api.w.org\/{rel}","templated":true}]}}